{"id":4996,"date":"2017-04-11T17:11:58","date_gmt":"2017-04-11T20:11:58","guid":{"rendered":"https:\/\/blogs.correiobraziliense.com.br\/servidor\/?p=4996"},"modified":"2017-04-11T17:11:58","modified_gmt":"2017-04-11T20:11:58","slug":"amanha-ato-de-servidores-do-fisco-levara-radar-da-previdencia-ao-congresso-nacional","status":"publish","type":"post","link":"https:\/\/blogs.correiobraziliense.com.br\/servidor\/amanha-ato-de-servidores-do-fisco-levara-radar-da-previdencia-ao-congresso-nacional\/","title":{"rendered":"Amanh\u00e3: ato de servidores do Fisco levar\u00e1 Radar da Previd\u00eancia ao Congresso Nacional"},"content":{"rendered":"<div><span style=\"color: #000000\"><b><i>Radar revela que 60% dos parlamentares ouvidos s\u00e3o contra a Reforma<\/i><\/b><\/span><\/div>\n<div><span style=\"color: #000000\">\u00a0<\/span><\/div>\n<div><span style=\"color: #444444;font-size: large\">Um painel com os resultados preliminares de pesquisa realizada com deputados sobre a Reforma da Previd\u00eancia ser\u00e1 exibido em frente ao Congresso Nacional, na pr\u00f3xima quarta-feira (12), \u00e0s 9h. A iniciativa integra as mobiliza\u00e7\u00f5es da Federa\u00e7\u00e3o Nacional do Fisco Estadual e Distrital (Fenafisco) contra a Reforma da Previd\u00eancia, que vai reunir tamb\u00e9m cerca de 300 servidores fiscais tribut\u00e1rios de todos os Estados e do Distrito Federal para um ato no Audit\u00f3rio Nereu Ramos, na C\u00e2mara dos Deputados. O objetivo da a\u00e7\u00e3o \u00e9 obter a opini\u00e3o antecipada dos parlamentares em rela\u00e7\u00e3o ao projeto e estimular a press\u00e3o popular para evitar sua aprova\u00e7\u00e3o.<\/span><\/div>\n<div><span style=\"color: #444444;font-size: large\">\u00a0<\/span><\/div>\n<div><span style=\"color: #444444;font-size: large\">Durante o evento, um grande radar m\u00f3vel, em formato eletr\u00f4nico vai revelar o voto dos deputados em rela\u00e7\u00e3o \u00e0 Reforma da Previd\u00eancia \u2013 a partir de pesquisa realizada pela Fenafisco em parceria com o Instituto Brasileiro de Pesquisa e An\u00e1lise de Dados (IBPAD) &#8211; que ouviu, at\u00e9 o momento, 243 parlamentares. Os deputados foram questionados sobre qual seria seu voto caso a proposta fosse colocada em pauta hoje. Desses, 60% s\u00e3o contra a reforma, 3% se manifestaram favor\u00e1veis e 10% se declararam indecisos; 28% dos parlamentares abordados pelos pesquisadores preferiram n\u00e3o se pronunciar. Outro dado que chama aten\u00e7\u00e3o \u00e9 que, desse universo, apenas 45 parlamentares autorizaram por escrito a divulga\u00e7\u00e3o p\u00fablica de seu voto e o uso de sua imagem.<\/span><\/div>\n<div><span style=\"color: #444444;font-size: large\">\u00a0<\/span><\/div>\n<div><span style=\"color: #444444;font-size: large\">Na avalia\u00e7\u00e3o do presidente da Fenafisco, Charles Alcantara, o cen\u00e1rio atual em torno da reforma da Previd\u00eancia aponta claramente o recuo do governo em rela\u00e7\u00e3o ao texto originalmente proposto. \u201cDiferente do que muitos parlamentares acreditaram, a sociedade n\u00e3o vai engolir tamanha restri\u00e7\u00e3o de direitos, um verdadeiro desmonte da Previd\u00eancia Social, sob o argumento fr\u00e1gil de equil\u00edbrio fiscal. Essas mudan\u00e7as que o governo come\u00e7a a anunciar s\u00e3o reflexo da press\u00e3o da sociedade, que precisa e deve continuar\u201d, alerta.<\/span><\/div>\n<div><span style=\"color: #444444;font-size: large\">\u00a0<\/span><\/div>\n<div><span style=\"color: #444444;font-size: large\">Segundo o presidente da entidade, o extrato do Radar causa certo espanto, n\u00e3o pelo resultado de quem seria contra ou a favor das mudan\u00e7as propostas na PEC 287\/2016, mas pelo receio dos parlamentares em autorizar a divulga\u00e7\u00e3o de como ir\u00e3o votar. &#8220;Essa postura \u00e9 no m\u00ednimo estranha e precisa levar o eleitor, que \u00e9 o povo brasileiro, a se questionar. Como o candidato que eles elegeram vai votar na reforma da Previd\u00eancia? Isso precisa ser p\u00fablico, transparente. \u00c9 isso que a sociedade precisa fazer: questionar e cobrar o seu deputado. Porque n\u00e3o querem revelar o seu voto? Seria o medo das pr\u00f3ximas elei\u00e7\u00f5es? \u201d, indaga Charles Alcantara.<\/span><\/div>\n<div><span style=\"color: #444444;font-size: large\">\u00a0<\/span><\/div>\n<div><span style=\"color: #444444;font-size: large\">O Radar da Previd\u00eancia ser\u00e1 atualizado diariamente. O ato da Fenafisco contar\u00e1 com o apoio de 30 sindicatos afiliados em todo o Pa\u00eds. A categoria representa cerca de 35 mil servidores fiscais tribut\u00e1rios estaduais e distritais de todo o Pa\u00eds.<\/span><\/div>\n<div><span style=\"color: #444444;font-size: large\">\u00a0<\/span><\/div>\n","protected":false},"excerpt":{"rendered":"<p>Radar revela que 60% dos parlamentares ouvidos s\u00e3o contra a Reforma \u00a0 Um painel com os resultados preliminares de pesquisa realizada com deputados sobre a Reforma da Previd\u00eancia ser\u00e1 exibido em frente ao Congresso Nacional, na pr\u00f3xima quarta-feira (12), \u00e0s 9h. A iniciativa integra as mobiliza\u00e7\u00f5es da Federa\u00e7\u00e3o Nacional do Fisco Estadual e Distrital (Fenafisco) contra a Reforma da Previd\u00eancia, [&hellip;]<\/p>\n","protected":false},"author":27,"featured_media":0,"comment_status":"open","ping_status":"closed","sticky":false,"template":"","format":"standard","meta":{"footnotes":""},"categories":[2719],"tags":[1497,21,693,1298,4320,247,5925,275,187,5924,5923,549,5922,294,58],"class_list":["post-4996","post","type-post","status-publish","format-standard","hentry","category-servidor","tag-aprovacao","tag-ato","tag-congresso-nacional","tag-deputados","tag-fenafisco","tag-fisco","tag-ibpad","tag-painel","tag-pesquisa","tag-popular","tag-presao","tag-previdencia","tag-radar","tag-receita-federal","tag-servidores"],"_links":{"self":[{"href":"https:\/\/blogs.correiobraziliense.com.br\/servidor\/wp-json\/wp\/v2\/posts\/4996","targetHints":{"allow":["GET"]}}],"collection":[{"href":"https:\/\/blogs.correiobraziliense.com.br\/servidor\/wp-json\/wp\/v2\/posts"}],"about":[{"href":"https:\/\/blogs.correiobraziliense.com.br\/servidor\/wp-json\/wp\/v2\/types\/post"}],"author":[{"embeddable":true,"href":"https:\/\/blogs.correiobraziliense.com.br\/servidor\/wp-json\/wp\/v2\/users\/27"}],"replies":[{"embeddable":true,"href":"https:\/\/blogs.correiobraziliense.com.br\/servidor\/wp-json\/wp\/v2\/comments?post=4996"}],"version-history":[{"count":1,"href":"https:\/\/blogs.correiobraziliense.com.br\/servidor\/wp-json\/wp\/v2\/posts\/4996\/revisions"}],"predecessor-version":[{"id":4997,"href":"https:\/\/blogs.correiobraziliense.com.br\/servidor\/wp-json\/wp\/v2\/posts\/4996\/revisions\/4997"}],"wp:attachment":[{"href":"https:\/\/blogs.correiobraziliense.com.br\/servidor\/wp-json\/wp\/v2\/media?parent=4996"}],"wp:term":[{"taxonomy":"category","embeddable":true,"href":"https:\/\/blogs.correiobraziliense.com.br\/servidor\/wp-json\/wp\/v2\/categories?post=4996"},{"taxonomy":"post_tag","embeddable":true,"href":"https:\/\/blogs.correiobraziliense.com.br\/servidor\/wp-json\/wp\/v2\/tags?post=4996"}],"curies":[{"name":"wp","href":"https:\/\/api.w.org\/{rel}","templated":true}]}}