{"id":4990,"date":"2017-04-11T13:03:59","date_gmt":"2017-04-11T16:03:59","guid":{"rendered":"https:\/\/blogs.correiobraziliense.com.br\/servidor\/?p=4990"},"modified":"2017-04-11T13:03:59","modified_gmt":"2017-04-11T16:03:59","slug":"dirigentes-da-forca-recebem-apoio-de-temer-sobre-manter-contribuicao-sindical","status":"publish","type":"post","link":"https:\/\/blogs.correiobraziliense.com.br\/servidor\/dirigentes-da-forca-recebem-apoio-de-temer-sobre-manter-contribuicao-sindical\/","title":{"rendered":"Dirigentes da For\u00e7a recebem apoio de Temer sobre manter a contribui\u00e7\u00e3o sindical"},"content":{"rendered":"<div><em>Por meio de nota, o presidente da For\u00e7a Sindical, Paulo Pereira da Silva, destaca que &#8220;acabar com a contribui\u00e7\u00e3o sindical, retirando os recursos de custeio das entidades sindicais, ir\u00e1 tornar a luta desigual&#8221;<\/em><\/div>\n<div>Veja a nota:<\/div>\n<div><\/div>\n<div>Estamos diante de diversas formas de amea\u00e7as e tentativas de desmonte dos direitos dos trabalhadores e do movimento sindical como forma de nos enfraquecer.<\/p>\n<p>Acabar com a contribui\u00e7\u00e3o sindical, retirando os recursos de custeio das entidades sindicais, ir\u00e1 tornar a luta desigual. A inten\u00e7\u00e3o \u00e9 meramente desmobilizar os sindicatos e as federa\u00e7\u00f5es de trabalhadores, que lutam por mais direitos e para impedir o retrocesso impl\u00edcito nas propostas de reformas trabalhista e previdenci\u00e1ria.<\/p>\n<p>Diante de tais amea\u00e7as, dirigentes da For\u00e7a Sindical estiveram reunidos na tarde de ontem com o presidente da Rep\u00fablica Michel Temer, em S\u00e3o Paulo. Durante o encontro, o presidente reafirmou seu compromisso de manter a contribui\u00e7\u00e3o sindical, entendendo ser leg\u00edtimo o atual custeio das entidades sindicais, sejam elas de trabalhadores ou empregadores, pois a proposta de reforma trabalhista quer fortalecer as negocia\u00e7\u00f5es coletivas.<\/p>\n<p>Vale ressaltar que sindicalistas da For\u00e7a Sindical e das demais centrais, de diversas regi\u00f5es, estar\u00e3o no Congresso visando dialogar democraticamente e sensibilizar os parlamentares sobre as amea\u00e7as de as entidades sindicais se acabarem.<\/p>\n<p>Garantir os direitos dos trabalhadores passa, obrigatoriamente, por garantir a sobreviv\u00eancia financeira das entidades sindicais. \u00c9 importante destacar o papel dos sindicatos na amplia\u00e7\u00e3o de conquistas.<\/p>\n<p>As negocia\u00e7\u00f5es coletivas, que resultam em aumento salarial, as determina\u00e7\u00f5es das condi\u00e7\u00f5es de trabalhistas, as assist\u00eancias jur\u00eddicas, os atendimentos m\u00e9dicos e dent\u00e1rios e col\u00f4nias de f\u00e9rias, entre outros. Tudo isso em prol do trabalhador \u00e9 financiado com a contribui\u00e7\u00e3o sindical.<\/p><\/div>\n<div>\n<i><b>Paulo Pereira da Silva (Paulinho da For\u00e7a)<br \/>\nPresidente da For\u00e7a Sindical<\/b><\/i><\/div>\n","protected":false},"excerpt":{"rendered":"<p>Por meio de nota, o presidente da For\u00e7a Sindical, Paulo Pereira da Silva, destaca que &#8220;acabar com a contribui\u00e7\u00e3o sindical, retirando os recursos de custeio das entidades sindicais, ir\u00e1 tornar a luta desigual&#8221; Veja a nota: Estamos diante de diversas formas de amea\u00e7as e tentativas de desmonte dos direitos dos trabalhadores e do movimento sindical como forma de nos enfraquecer. [&hellip;]<\/p>\n","protected":false},"author":27,"featured_media":0,"comment_status":"open","ping_status":"closed","sticky":false,"template":"","format":"standard","meta":{"footnotes":""},"categories":[2719],"tags":[792,5914,3270,619,870,1893,3513,1895,19,2157],"class_list":["post-4990","post","type-post","status-publish","format-standard","hentry","category-servidor","tag-apoio","tag-contribuicao-sindical","tag-desmonte","tag-direitos","tag-forca-sindical","tag-reformas","tag-retrocessos","tag-temer","tag-trabalhadores","tag-trabalhista"],"_links":{"self":[{"href":"https:\/\/blogs.correiobraziliense.com.br\/servidor\/wp-json\/wp\/v2\/posts\/4990","targetHints":{"allow":["GET"]}}],"collection":[{"href":"https:\/\/blogs.correiobraziliense.com.br\/servidor\/wp-json\/wp\/v2\/posts"}],"about":[{"href":"https:\/\/blogs.correiobraziliense.com.br\/servidor\/wp-json\/wp\/v2\/types\/post"}],"author":[{"embeddable":true,"href":"https:\/\/blogs.correiobraziliense.com.br\/servidor\/wp-json\/wp\/v2\/users\/27"}],"replies":[{"embeddable":true,"href":"https:\/\/blogs.correiobraziliense.com.br\/servidor\/wp-json\/wp\/v2\/comments?post=4990"}],"version-history":[{"count":1,"href":"https:\/\/blogs.correiobraziliense.com.br\/servidor\/wp-json\/wp\/v2\/posts\/4990\/revisions"}],"predecessor-version":[{"id":4991,"href":"https:\/\/blogs.correiobraziliense.com.br\/servidor\/wp-json\/wp\/v2\/posts\/4990\/revisions\/4991"}],"wp:attachment":[{"href":"https:\/\/blogs.correiobraziliense.com.br\/servidor\/wp-json\/wp\/v2\/media?parent=4990"}],"wp:term":[{"taxonomy":"category","embeddable":true,"href":"https:\/\/blogs.correiobraziliense.com.br\/servidor\/wp-json\/wp\/v2\/categories?post=4990"},{"taxonomy":"post_tag","embeddable":true,"href":"https:\/\/blogs.correiobraziliense.com.br\/servidor\/wp-json\/wp\/v2\/tags?post=4990"}],"curies":[{"name":"wp","href":"https:\/\/api.w.org\/{rel}","templated":true}]}}