{"id":4977,"date":"2017-04-11T11:15:12","date_gmt":"2017-04-11T14:15:12","guid":{"rendered":"https:\/\/blogs.correiobraziliense.com.br\/servidor\/?p=4977"},"modified":"2017-04-11T11:15:12","modified_gmt":"2017-04-11T14:15:12","slug":"operacao-fatura-exposta-investiga-desvio-de-recursos-publicos-da-saude-no-rj","status":"publish","type":"post","link":"https:\/\/blogs.correiobraziliense.com.br\/servidor\/operacao-fatura-exposta-investiga-desvio-de-recursos-publicos-da-saude-no-rj\/","title":{"rendered":"Opera\u00e7\u00e3o Fatura Exposta investiga desvio de recursos p\u00fablicos da Sa\u00fade no RJ"},"content":{"rendered":"<p><em>A Receita Federal estima, com base nas colabora\u00e7\u00f5es premiadas, que cerca R$ 300 milh\u00f5es foram desviados por meio de fraudes em licita\u00e7\u00f5es.<\/em><\/p>\n<p>A Receita Federal participa de opera\u00e7\u00e3o em conjunto com o Minist\u00e9rio P\u00fablico Federal e a Pol\u00edcia Federal nesta ter\u00e7a-feira (11\/4). A Opera\u00e7\u00e3o Fatura Exposta, executada pela for\u00e7a tarefa da Opera\u00e7\u00e3o Lava Jato no Rio de Janeiro, trata de desdobramento das opera\u00e7\u00f5es Calicute e Efici\u00eancia, e investiga organiza\u00e7\u00e3o criminosa suspeita de desvio de recursos p\u00fablicos, corrup\u00e7\u00e3o e lavagem de dinheiro envolvendo verbas da sa\u00fade no Estado do Rio de Janeiro.<\/p>\n<p>Com o aprofundamento das investiga\u00e7\u00f5es descobriu-se que o esquema criminoso operava n\u00e3o apenas em contratos de obras p\u00fablicas, como identificado nas opera\u00e7\u00f5es anteriores, mas tamb\u00e9m em desvio de verbas destinadas \u00e0 sa\u00fade, especialmente vinculadas \u00e0 Secretaria de Sa\u00fade do Governo do Estado do Rio de Janeiro. A Receita Federal estima, com base nas colabora\u00e7\u00f5es premiadas, que cerca R$ 300 milh\u00f5es foram desviados por meio de fraudes em licita\u00e7\u00f5es.<\/p>\n<p>A partir de autoriza\u00e7\u00e3o da 7\u00aa Vara Federal Criminal do Rio de Janeiro, est\u00e3o sendo executados hoje 40 mandados de busca e apreens\u00e3o no Rio de Janeiro e no Distrito Federal, em resid\u00eancias e empresas dos envolvidos. A partir dessas a\u00e7\u00f5es, espera-se identificar a localiza\u00e7\u00e3o dos recursos desviados e conseguir novas provas do esquema, especialmente relativas ao real pre\u00e7o dos produtos m\u00e9dicos importados e sobrepre\u00e7os contratuais.<\/p>\n","protected":false},"excerpt":{"rendered":"<p>A Receita Federal estima, com base nas colabora\u00e7\u00f5es premiadas, que cerca R$ 300 milh\u00f5es foram desviados por meio de fraudes em licita\u00e7\u00f5es. A Receita Federal participa de opera\u00e7\u00e3o em conjunto com o Minist\u00e9rio P\u00fablico Federal e a Pol\u00edcia Federal nesta ter\u00e7a-feira (11\/4). A Opera\u00e7\u00e3o Fatura Exposta, executada pela for\u00e7a tarefa da Opera\u00e7\u00e3o Lava Jato no Rio de Janeiro, trata de [&hellip;]<\/p>\n","protected":false},"author":27,"featured_media":0,"comment_status":"open","ping_status":"closed","sticky":false,"template":"","format":"standard","meta":{"footnotes":""},"categories":[2719],"tags":[5897,205,888,374,1033,2533,1838,5896,1407,104,24,294,316,754,5898],"class_list":["post-4977","post","type-post","status-publish","format-standard","hentry","category-servidor","tag-calicute","tag-corrupcao","tag-desvio","tag-dinheiro","tag-eficiencia","tag-lavagem","tag-ministerio-publico-federal","tag-operacao-fatura-exposta","tag-operacao-lava-jato","tag-policia-federal","tag-publicos","tag-receita-federal","tag-recursos","tag-rio-de-janeiro","tag-secretaria-de-saude"],"_links":{"self":[{"href":"https:\/\/blogs.correiobraziliense.com.br\/servidor\/wp-json\/wp\/v2\/posts\/4977","targetHints":{"allow":["GET"]}}],"collection":[{"href":"https:\/\/blogs.correiobraziliense.com.br\/servidor\/wp-json\/wp\/v2\/posts"}],"about":[{"href":"https:\/\/blogs.correiobraziliense.com.br\/servidor\/wp-json\/wp\/v2\/types\/post"}],"author":[{"embeddable":true,"href":"https:\/\/blogs.correiobraziliense.com.br\/servidor\/wp-json\/wp\/v2\/users\/27"}],"replies":[{"embeddable":true,"href":"https:\/\/blogs.correiobraziliense.com.br\/servidor\/wp-json\/wp\/v2\/comments?post=4977"}],"version-history":[{"count":1,"href":"https:\/\/blogs.correiobraziliense.com.br\/servidor\/wp-json\/wp\/v2\/posts\/4977\/revisions"}],"predecessor-version":[{"id":4978,"href":"https:\/\/blogs.correiobraziliense.com.br\/servidor\/wp-json\/wp\/v2\/posts\/4977\/revisions\/4978"}],"wp:attachment":[{"href":"https:\/\/blogs.correiobraziliense.com.br\/servidor\/wp-json\/wp\/v2\/media?parent=4977"}],"wp:term":[{"taxonomy":"category","embeddable":true,"href":"https:\/\/blogs.correiobraziliense.com.br\/servidor\/wp-json\/wp\/v2\/categories?post=4977"},{"taxonomy":"post_tag","embeddable":true,"href":"https:\/\/blogs.correiobraziliense.com.br\/servidor\/wp-json\/wp\/v2\/tags?post=4977"}],"curies":[{"name":"wp","href":"https:\/\/api.w.org\/{rel}","templated":true}]}}