{"id":4974,"date":"2017-04-10T17:53:51","date_gmt":"2017-04-10T20:53:51","guid":{"rendered":"https:\/\/blogs.correiobraziliense.com.br\/servidor\/?p=4974"},"modified":"2017-04-10T17:53:51","modified_gmt":"2017-04-10T20:53:51","slug":"ministro-se-reune-com-relator-do-projeto-de-reforma-na-camara-dos-deputados-para-defender-proposta-do-governo","status":"publish","type":"post","link":"https:\/\/blogs.correiobraziliense.com.br\/servidor\/ministro-se-reune-com-relator-do-projeto-de-reforma-na-camara-dos-deputados-para-defender-proposta-do-governo\/","title":{"rendered":"Ministro se re\u00fane com relator do projeto de reforma na C\u00e2mara dos Deputados para defender proposta do governo"},"content":{"rendered":"<p><em>Objetivo \u00e9 evitar que emendas de deputados desconfigurem projeto acordado com trabalhadores e empregadores<\/em><\/p>\n<p>O ministro do Trabalho, Ronaldo Nogueira, vai discutir com a C\u00e2mara dos Deputados cada uma das emendas propostas na moderniza\u00e7\u00e3o trabalhista. Ele garantiu que defender\u00e1 a posi\u00e7\u00e3o acordada nas negocia\u00e7\u00f5es que v\u00eam ocorrendo desde ano passado. O grupo que se reuniu hoje voltar\u00e1 a se reunir nesta ter\u00e7a-feira, para retomar o debate.<\/p>\n<p>Com o objetivo de garantir que nenhum direito trabalhista sair\u00e1 prejudicado na vota\u00e7\u00e3o da proposta de moderniza\u00e7\u00e3o trabalhista na C\u00e2mara dos Deputados, informou o Minist\u00e9rio, Ronaldo Nogueira iniciou a semana priorizando esse assunto. Nesta segunda-feira (10) pela manh\u00e3, ele se reuniu, no Pal\u00e1cio do Planalto, com o relator do Projeto de Lei na C\u00e2mara, deputado federal Rog\u00e9rio Marinho, juntamente com t\u00e9cnicos do Legislativo, dos minist\u00e9rios do Trabalho e Planejamento e da Casa Civil. O ministro-chefe da Casa Civil, Eliseu Padilha tamb\u00e9m participou do encontro.<\/p>\n<p>Ronaldo Nogueira lembrou que o projeto do governo foi constru\u00eddo a partir de muito di\u00e1logo com os trabalhadores e empregadores e, por isso, n\u00e3o pode sofrer mudan\u00e7as que prejudiquem as negocia\u00e7\u00f5es feitas at\u00e9 agora. \u201cS\u00e3o mais de oitocentas emendas. N\u00e3o podemos permitir que nenhuma proposta desconfigure o projeto original que tem o objetivo prestigiar a negocia\u00e7\u00e3o coletiva. E n\u00f3s precisamos garantir nesse texto que os direitos dos trabalhadores n\u00e3o sejam comprometidos\u201d, afirmou.<\/p>\n","protected":false},"excerpt":{"rendered":"<p>Objetivo \u00e9 evitar que emendas de deputados desconfigurem projeto acordado com trabalhadores e empregadores O ministro do Trabalho, Ronaldo Nogueira, vai discutir com a C\u00e2mara dos Deputados cada uma das emendas propostas na moderniza\u00e7\u00e3o trabalhista. Ele garantiu que defender\u00e1 a posi\u00e7\u00e3o acordada nas negocia\u00e7\u00f5es que v\u00eam ocorrendo desde ano passado. O grupo que se reuniu hoje voltar\u00e1 a se reunir [&hellip;]<\/p>\n","protected":false},"author":27,"featured_media":0,"comment_status":"open","ping_status":"closed","sticky":false,"template":"","format":"standard","meta":{"footnotes":""},"categories":[2719],"tags":[1531,2176,2745,5895,98,2841,101,54,5354,19,2157],"class_list":["post-4974","post","type-post","status-publish","format-standard","hentry","category-servidor","tag-camara-dos-deputados","tag-defender","tag-empregadores","tag-ferorma","tag-governo","tag-ministerio-do-trabalho","tag-projeto","tag-proposta","tag-realtor","tag-trabalhadores","tag-trabalhista"],"_links":{"self":[{"href":"https:\/\/blogs.correiobraziliense.com.br\/servidor\/wp-json\/wp\/v2\/posts\/4974","targetHints":{"allow":["GET"]}}],"collection":[{"href":"https:\/\/blogs.correiobraziliense.com.br\/servidor\/wp-json\/wp\/v2\/posts"}],"about":[{"href":"https:\/\/blogs.correiobraziliense.com.br\/servidor\/wp-json\/wp\/v2\/types\/post"}],"author":[{"embeddable":true,"href":"https:\/\/blogs.correiobraziliense.com.br\/servidor\/wp-json\/wp\/v2\/users\/27"}],"replies":[{"embeddable":true,"href":"https:\/\/blogs.correiobraziliense.com.br\/servidor\/wp-json\/wp\/v2\/comments?post=4974"}],"version-history":[{"count":1,"href":"https:\/\/blogs.correiobraziliense.com.br\/servidor\/wp-json\/wp\/v2\/posts\/4974\/revisions"}],"predecessor-version":[{"id":4975,"href":"https:\/\/blogs.correiobraziliense.com.br\/servidor\/wp-json\/wp\/v2\/posts\/4974\/revisions\/4975"}],"wp:attachment":[{"href":"https:\/\/blogs.correiobraziliense.com.br\/servidor\/wp-json\/wp\/v2\/media?parent=4974"}],"wp:term":[{"taxonomy":"category","embeddable":true,"href":"https:\/\/blogs.correiobraziliense.com.br\/servidor\/wp-json\/wp\/v2\/categories?post=4974"},{"taxonomy":"post_tag","embeddable":true,"href":"https:\/\/blogs.correiobraziliense.com.br\/servidor\/wp-json\/wp\/v2\/tags?post=4974"}],"curies":[{"name":"wp","href":"https:\/\/api.w.org\/{rel}","templated":true}]}}