{"id":4972,"date":"2017-04-10T17:50:45","date_gmt":"2017-04-10T20:50:45","guid":{"rendered":"https:\/\/blogs.correiobraziliense.com.br\/servidor\/?p=4972"},"modified":"2017-04-10T17:50:45","modified_gmt":"2017-04-10T20:50:45","slug":"receita-federal-registra-10-milhoes-de-declaracoes-do-irpf","status":"publish","type":"post","link":"https:\/\/blogs.correiobraziliense.com.br\/servidor\/receita-federal-registra-10-milhoes-de-declaracoes-do-irpf\/","title":{"rendered":"Receita Federal registra 10 milh\u00f5es de declara\u00e7\u00f5es do IRPF"},"content":{"rendered":"<p><span style=\"font-family: Arial;font-size: medium\">At\u00e9 as 17 horas desta segunda-feira,10 de abril, 10.002.889 de declara\u00e7\u00f5es foram recebidas pela Receita. A expectativa \u00e9 de que 28,3 milh\u00f5es de contribuintes entreguem a DIRPF 2017. <\/span><span style=\"font-family: sans-serif;font-size: medium\">O prazo de entrega termina em 28 de abril.<\/span><\/p>\n<p><span style=\"font-family: Arial;font-size: medium\">Neste ano o programa Receitanet foi incorporado ao PGD IRPF 2017, n\u00e3o sendo mais necess\u00e1ria a sua instala\u00e7\u00e3o em separado<\/span><span style=\"font-size: medium\">. <\/span><\/p>\n<p><span style=\"font-family: Arial;font-size: medium\">Todas as informa\u00e7\u00f5es sobre a declara\u00e7\u00e3o do IRPF 2017 est\u00e3o dispon\u00edveis<\/span> <a href=\"http:\/\/idg.receita.fazenda.gov.br\/interface\/cidadao\/irpf\/2017\" target=\"_blank\"><span style=\"color: blue;font-family: Arial;font-size: medium\">aqui<\/span><\/a><span style=\"color: #00323f;font-family: Arial;font-size: medium\">. \u00a0<\/span><\/p>\n","protected":false},"excerpt":{"rendered":"<p>At\u00e9 as 17 horas desta segunda-feira,10 de abril, 10.002.889 de declara\u00e7\u00f5es foram recebidas pela Receita. A expectativa \u00e9 de que 28,3 milh\u00f5es de contribuintes entreguem a DIRPF 2017. O prazo de entrega termina em 28 de abril. Neste ano o programa Receitanet foi incorporado ao PGD IRPF 2017, n\u00e3o sendo mais necess\u00e1ria a sua instala\u00e7\u00e3o em separado. Todas as informa\u00e7\u00f5es [&hellip;]<\/p>\n","protected":false},"author":27,"featured_media":0,"comment_status":"open","ping_status":"closed","sticky":false,"template":"","format":"standard","meta":{"footnotes":""},"categories":[2719],"tags":[1218,3786,3382,294,5894],"class_list":["post-4972","post","type-post","status-publish","format-standard","hentry","category-servidor","tag-declaracoes","tag-irpf","tag-milhoes","tag-receita-federal","tag-registra"],"_links":{"self":[{"href":"https:\/\/blogs.correiobraziliense.com.br\/servidor\/wp-json\/wp\/v2\/posts\/4972","targetHints":{"allow":["GET"]}}],"collection":[{"href":"https:\/\/blogs.correiobraziliense.com.br\/servidor\/wp-json\/wp\/v2\/posts"}],"about":[{"href":"https:\/\/blogs.correiobraziliense.com.br\/servidor\/wp-json\/wp\/v2\/types\/post"}],"author":[{"embeddable":true,"href":"https:\/\/blogs.correiobraziliense.com.br\/servidor\/wp-json\/wp\/v2\/users\/27"}],"replies":[{"embeddable":true,"href":"https:\/\/blogs.correiobraziliense.com.br\/servidor\/wp-json\/wp\/v2\/comments?post=4972"}],"version-history":[{"count":1,"href":"https:\/\/blogs.correiobraziliense.com.br\/servidor\/wp-json\/wp\/v2\/posts\/4972\/revisions"}],"predecessor-version":[{"id":4973,"href":"https:\/\/blogs.correiobraziliense.com.br\/servidor\/wp-json\/wp\/v2\/posts\/4972\/revisions\/4973"}],"wp:attachment":[{"href":"https:\/\/blogs.correiobraziliense.com.br\/servidor\/wp-json\/wp\/v2\/media?parent=4972"}],"wp:term":[{"taxonomy":"category","embeddable":true,"href":"https:\/\/blogs.correiobraziliense.com.br\/servidor\/wp-json\/wp\/v2\/categories?post=4972"},{"taxonomy":"post_tag","embeddable":true,"href":"https:\/\/blogs.correiobraziliense.com.br\/servidor\/wp-json\/wp\/v2\/tags?post=4972"}],"curies":[{"name":"wp","href":"https:\/\/api.w.org\/{rel}","templated":true}]}}