{"id":496,"date":"2015-10-19T11:54:00","date_gmt":"2015-10-19T13:54:00","guid":{"rendered":"https:\/\/blogs.correiobraziliense.com.br\/servidor\/governo_economiza_r_666_milhoes_com_telefonia_em_2015\/"},"modified":"2015-11-05T20:34:36","modified_gmt":"2015-11-05T22:34:36","slug":"governo_economiza_r_666_milhoes_com_telefonia_em_2015","status":"publish","type":"post","link":"https:\/\/blogs.correiobraziliense.com.br\/servidor\/governo_economiza_r_666_milhoes_com_telefonia_em_2015\/","title":{"rendered":"GOVERNO ECONOMIZA R$ 66,6 MILH\u00d5ES COM TELEFONIA EM 2015"},"content":{"rendered":"<p>Novas regras para uso de telefones celulares devem aumentar ainda mais a  economia <\/p>\n<p>As despesas de custeio administrativo do governo federal com telefonia tiveram uma redu\u00e7\u00e3o de R$ 66,6 milh\u00f5es em 2015, segundo informou o Minist\u00e9rio do Planejamento. O valor corresponde \u00e0 diferen\u00e7a  de gastos de janeiro e agosto de 2014 (R$ 129,7 milh\u00f5es), em rela\u00e7\u00e3o ao mesmo per\u00edodo desse ano (R$ 63,1 milh\u00f5es), de acordo com dados do Sistema Integrado de Administra\u00e7\u00e3o de Servi\u00e7os Gerais  (SIASG). &nbsp; \u201cEste \u00e9 um importante reflexo do esfor\u00e7o que o governo federal tem feito para  reduzir gastos, aumentar a efici\u00eancia e combater o desperd\u00edcio na administra\u00e7\u00e3o  p\u00fablica\u201d, disse o secret\u00e1rio de Log\u00edstica e Tecnologia da Informa\u00e7\u00e3o do  Minist\u00e9rio do Planejamento, Or\u00e7amento e Gest\u00e3o (MP), Cristiano Heckert. Para  ele, um dos prov\u00e1veis motivos para a diminui\u00e7\u00e3o dos custos foram as contrata\u00e7\u00f5es  conjuntas de telefonia, em 2014. &nbsp; Em continuidade \u00e0s a\u00e7\u00f5es da reforma administrativa para racionaliza\u00e7\u00e3o e  redu\u00e7\u00e3o dos gastos dos \u00f3rg\u00e3os e das entidades da administra\u00e7\u00e3o p\u00fablica direta,  aut\u00e1rquica e fundacional, foi publicado esta semana o&nbsp;<a title=\"blocked::http:\/\/www.planalto.gov.br\/ccivil_03\/_Ato2015-2018\/2015\/Decreto\/D8540.htm\" href=\"http:\/\/www.planalto.gov.br\/ccivil_03\/_Ato2015-2018\/2015\/Decreto\/D8540.htm\">Decreto  n\u00ba 8.540<\/a>,&nbsp;que estabelece novas regras para a utiliza\u00e7\u00e3o de telefones  celulares corporativos e outros dispositivos como telefonia fixa. &nbsp;<strong>Gastos do governo  federal com telefonia<\/strong> &#8203;  <strong>Ano*<\/strong> <strong>Valor<\/strong>  2014 R$ 129.726.963,84  2015 R$ 63.123.282,33 *Janeiro a agosto de 2014 e 2015. Fonte: SIASG <\/p>\n<p>Bras\u00edlia, 11h50min <\/p>\n","protected":false},"excerpt":{"rendered":"<p>Novas regras para uso de telefones celulares devem aumentar ainda mais a economia As despesas de custeio administrativo do governo federal com telefonia tiveram uma redu\u00e7\u00e3o de R$ 66,6 milh\u00f5es em 2015, segundo informou o Minist\u00e9rio do Planejamento. O valor corresponde \u00e0 diferen\u00e7a de gastos de janeiro e agosto de 2014 (R$ 129,7 milh\u00f5es), em rela\u00e7\u00e3o ao mesmo per\u00edodo desse [&hellip;]<\/p>\n","protected":false},"author":27,"featured_media":0,"comment_status":"open","ping_status":"closed","sticky":false,"template":"","format":"standard","meta":{"footnotes":""},"categories":[1],"tags":[],"class_list":["post-496","post","type-post","status-publish","format-standard","hentry","category-sem-categoria"],"_links":{"self":[{"href":"https:\/\/blogs.correiobraziliense.com.br\/servidor\/wp-json\/wp\/v2\/posts\/496","targetHints":{"allow":["GET"]}}],"collection":[{"href":"https:\/\/blogs.correiobraziliense.com.br\/servidor\/wp-json\/wp\/v2\/posts"}],"about":[{"href":"https:\/\/blogs.correiobraziliense.com.br\/servidor\/wp-json\/wp\/v2\/types\/post"}],"author":[{"embeddable":true,"href":"https:\/\/blogs.correiobraziliense.com.br\/servidor\/wp-json\/wp\/v2\/users\/27"}],"replies":[{"embeddable":true,"href":"https:\/\/blogs.correiobraziliense.com.br\/servidor\/wp-json\/wp\/v2\/comments?post=496"}],"version-history":[{"count":1,"href":"https:\/\/blogs.correiobraziliense.com.br\/servidor\/wp-json\/wp\/v2\/posts\/496\/revisions"}],"predecessor-version":[{"id":535,"href":"https:\/\/blogs.correiobraziliense.com.br\/servidor\/wp-json\/wp\/v2\/posts\/496\/revisions\/535"}],"wp:attachment":[{"href":"https:\/\/blogs.correiobraziliense.com.br\/servidor\/wp-json\/wp\/v2\/media?parent=496"}],"wp:term":[{"taxonomy":"category","embeddable":true,"href":"https:\/\/blogs.correiobraziliense.com.br\/servidor\/wp-json\/wp\/v2\/categories?post=496"},{"taxonomy":"post_tag","embeddable":true,"href":"https:\/\/blogs.correiobraziliense.com.br\/servidor\/wp-json\/wp\/v2\/tags?post=496"}],"curies":[{"name":"wp","href":"https:\/\/api.w.org\/{rel}","templated":true}]}}