{"id":4959,"date":"2017-04-10T12:35:38","date_gmt":"2017-04-10T15:35:38","guid":{"rendered":"https:\/\/blogs.correiobraziliense.com.br\/servidor\/?p=4959"},"modified":"2017-04-10T12:35:38","modified_gmt":"2017-04-10T15:35:38","slug":"sinprofaz-lanca-estudo-sobre-previdencia-complementar","status":"publish","type":"post","link":"https:\/\/blogs.correiobraziliense.com.br\/servidor\/sinprofaz-lanca-estudo-sobre-previdencia-complementar\/","title":{"rendered":"Sinprofaz lan\u00e7a estudo sobre previd\u00eancia complementar"},"content":{"rendered":"<p>O Sindicato Nacional dos Procuradores da Fazenda (Sinprofaz) lan\u00e7a hoje (10) um estudo sobre a Previd\u00eancia Complementar. A proposta da an\u00e1lise feita por Luiz Alberto dos Santos \u00e9 esclarecer d\u00favidas dos filiados a respeito da Funda\u00e7\u00e3o de Previd\u00eancia Complementar do Servidor P\u00fablico Federal do Poder Executivo \u2013 Funpresp-Exe e sobre peculiaridades do texto original da PEC 287\/16, que disp\u00f5e sobre a reforma previdenci\u00e1ria. Intitulado \u201cA Previd\u00eancia Complementar do servidor p\u00fablico: vantagens e desvantagens \u00e0 luz das recentes reformas constitucionais\u201d, o estudo traz informa\u00e7\u00f5es espec\u00edficas sobre a carreira de procurador da Fazenda Nacional.<\/p>\n<p>O autor do estudo, Luiz Alberto dos Santos, \u00e9 doutor em Ci\u00eancias Sociais. Professor de Direito Regulat\u00f3rio da FGV Management, atua, desde 2002, como consultor legislativo do Senado Federal na \u00e1rea de Administra\u00e7\u00e3o P\u00fablica. Foi assessor especial do l\u00edder do Governo no Congresso Nacional (2014-2016) e exerceu o cargo de subchefe de An\u00e1lise e Acompanhamento de Pol\u00edticas Governamentais da Casa Civil da Presid\u00eancia da Rep\u00fablica (2003-2014). \u00c9 autor dos livros \u201cReforma Administrativa no Contexto da Democracia\u201d e \u201cAgencifica\u00e7\u00e3o, Publiciza\u00e7\u00e3o, Contratualiza\u00e7\u00e3o e Controle Social: possibilidades no \u00e2mbito da reforma do aparelho do Estado\u201d.<\/p>\n","protected":false},"excerpt":{"rendered":"<p>O Sindicato Nacional dos Procuradores da Fazenda (Sinprofaz) lan\u00e7a hoje (10) um estudo sobre a Previd\u00eancia Complementar. A proposta da an\u00e1lise feita por Luiz Alberto dos Santos \u00e9 esclarecer d\u00favidas dos filiados a respeito da Funda\u00e7\u00e3o de Previd\u00eancia Complementar do Servidor P\u00fablico Federal do Poder Executivo \u2013 Funpresp-Exe e sobre peculiaridades do texto original da PEC 287\/16, que disp\u00f5e sobre [&hellip;]<\/p>\n","protected":false},"author":27,"featured_media":0,"comment_status":"open","ping_status":"closed","sticky":false,"template":"","format":"standard","meta":{"footnotes":""},"categories":[2719],"tags":[7,1287,5877,4830,549,711,2175],"class_list":["post-4959","post","type-post","status-publish","format-standard","hentry","category-servidor","tag-complementar","tag-estudo","tag-funpresp-exe","tag-pec-28716","tag-previdencia","tag-reforma","tag-sinprofaz"],"_links":{"self":[{"href":"https:\/\/blogs.correiobraziliense.com.br\/servidor\/wp-json\/wp\/v2\/posts\/4959","targetHints":{"allow":["GET"]}}],"collection":[{"href":"https:\/\/blogs.correiobraziliense.com.br\/servidor\/wp-json\/wp\/v2\/posts"}],"about":[{"href":"https:\/\/blogs.correiobraziliense.com.br\/servidor\/wp-json\/wp\/v2\/types\/post"}],"author":[{"embeddable":true,"href":"https:\/\/blogs.correiobraziliense.com.br\/servidor\/wp-json\/wp\/v2\/users\/27"}],"replies":[{"embeddable":true,"href":"https:\/\/blogs.correiobraziliense.com.br\/servidor\/wp-json\/wp\/v2\/comments?post=4959"}],"version-history":[{"count":1,"href":"https:\/\/blogs.correiobraziliense.com.br\/servidor\/wp-json\/wp\/v2\/posts\/4959\/revisions"}],"predecessor-version":[{"id":4960,"href":"https:\/\/blogs.correiobraziliense.com.br\/servidor\/wp-json\/wp\/v2\/posts\/4959\/revisions\/4960"}],"wp:attachment":[{"href":"https:\/\/blogs.correiobraziliense.com.br\/servidor\/wp-json\/wp\/v2\/media?parent=4959"}],"wp:term":[{"taxonomy":"category","embeddable":true,"href":"https:\/\/blogs.correiobraziliense.com.br\/servidor\/wp-json\/wp\/v2\/categories?post=4959"},{"taxonomy":"post_tag","embeddable":true,"href":"https:\/\/blogs.correiobraziliense.com.br\/servidor\/wp-json\/wp\/v2\/tags?post=4959"}],"curies":[{"name":"wp","href":"https:\/\/api.w.org\/{rel}","templated":true}]}}