{"id":4957,"date":"2017-04-10T12:28:02","date_gmt":"2017-04-10T15:28:02","guid":{"rendered":"https:\/\/blogs.correiobraziliense.com.br\/servidor\/?p=4957"},"modified":"2017-04-10T12:28:02","modified_gmt":"2017-04-10T15:28:02","slug":"instalacao-de-cameras-bordo-de-aeronaves","status":"publish","type":"post","link":"https:\/\/blogs.correiobraziliense.com.br\/servidor\/instalacao-de-cameras-bordo-de-aeronaves\/","title":{"rendered":"Instala\u00e7\u00e3o de c\u00e2meras a bordo de aeronaves"},"content":{"rendered":"<p>Frente Parlamentar dos Aeronautas (FPAer) e Sindicato Nacional dos Aeronautas (SNA) far\u00e3o um debate para discutir e avaliar a instala\u00e7\u00e3o de\u00a0c\u00e2meras\u00a0a bordo de aeronaves. A mesa redonda ter\u00e1 dura\u00e7\u00e3o de 60 minutos com transmiss\u00e3o ao vivo pelo site\u00a0<a href=\"http:\/\/www.interlegis.leg.br\/\">www.interlegis.leg.br<\/a>\u00a0. O Brasil, por meio da Ag\u00eancia Nacional de Avia\u00e7\u00e3o Civil (Anac), tem at\u00e9 o dia 28 de abril para opinar sobre proposta da Organiza\u00e7\u00e3o da Avia\u00e7\u00e3o Civil Internacional (Icao)<\/p>\n<p>A Frente Parlamentar dos Aeronautas (FPAer) promover\u00e1 na ter\u00e7a-feira, 11 de abril, \u00e0s 11h, mesa redonda com o tema \u201cInstala\u00e7\u00e3o de c\u00e2meras a bordo de aeronaves e suas consequ\u00eancias para a seguran\u00e7a de voo\u201d.\u00a0A discuss\u00e3o do assunto acontece em um momento crucial para a avia\u00e7\u00e3o brasileira.<\/p>\n<p>A Icao enviou ao Brasil algumas propostas relativas aos requisitos de transporte dos registradores de voo. Uma das normas exige a instala\u00e7\u00e3o de c\u00e2meras de registro de imagem da cabine de comando (Airborne Image Recorders &#8211; AIRs) em aeronaves certificadas a partir de 1\u00ba de janeiro de 2023.<\/p>\n<p>O prazo para o Brasil decidir sobre o assunto se encerra no dia 28 de abril e a resposta oficial ser\u00e1 apresentada pela Anac.<\/p>\n<p>O debate ser\u00e1 no audit\u00f3rio do Interlegis, no Senado Federal, com a media\u00e7\u00e3o do deputado federal Celso Russomanno (PRB-SP) e com as presen\u00e7as do diretor da Secretaria de Assuntos Institucionais do Sindicato Nacional dos Aeronautas, comandante Adriano Castanho, do diretor de Opera\u00e7\u00f5es e Seguran\u00e7a de Voo da\u00a0Associa\u00e7\u00e3o Brasileira das Empresas A\u00e9reas (Abear),\u00a0Ronaldo Jenkins, e convidados.<\/p>\n<p>A mesa redonda ter\u00e1 dura\u00e7\u00e3o de 60 minutos com transmiss\u00e3o ao vivo pelo site\u00a0<a href=\"http:\/\/www.interlegis.leg.br\/\">www.interlegis.leg.br<\/a><\/p>\n","protected":false},"excerpt":{"rendered":"<p>Frente Parlamentar dos Aeronautas (FPAer) e Sindicato Nacional dos Aeronautas (SNA) far\u00e3o um debate para discutir e avaliar a instala\u00e7\u00e3o de\u00a0c\u00e2meras\u00a0a bordo de aeronaves. A mesa redonda ter\u00e1 dura\u00e7\u00e3o de 60 minutos com transmiss\u00e3o ao vivo pelo site\u00a0www.interlegis.leg.br\u00a0. O Brasil, por meio da Ag\u00eancia Nacional de Avia\u00e7\u00e3o Civil (Anac), tem at\u00e9 o dia 28 de abril para opinar sobre proposta [&hellip;]<\/p>\n","protected":false},"author":27,"featured_media":0,"comment_status":"open","ping_status":"closed","sticky":false,"template":"","format":"standard","meta":{"footnotes":""},"categories":[2719],"tags":[4042,5874,3968,715,5870,5869,5876,5871,5873,5323,5875,928,5872],"class_list":["post-4957","post","type-post","status-publish","format-standard","hentry","category-servidor","tag-aeronaves","tag-airs","tag-anac","tag-aviacao","tag-bordo","tag-cameras","tag-certificadas","tag-fpaer","tag-icao","tag-instalacao","tag-interlegis","tag-normas","tag-sna"],"_links":{"self":[{"href":"https:\/\/blogs.correiobraziliense.com.br\/servidor\/wp-json\/wp\/v2\/posts\/4957","targetHints":{"allow":["GET"]}}],"collection":[{"href":"https:\/\/blogs.correiobraziliense.com.br\/servidor\/wp-json\/wp\/v2\/posts"}],"about":[{"href":"https:\/\/blogs.correiobraziliense.com.br\/servidor\/wp-json\/wp\/v2\/types\/post"}],"author":[{"embeddable":true,"href":"https:\/\/blogs.correiobraziliense.com.br\/servidor\/wp-json\/wp\/v2\/users\/27"}],"replies":[{"embeddable":true,"href":"https:\/\/blogs.correiobraziliense.com.br\/servidor\/wp-json\/wp\/v2\/comments?post=4957"}],"version-history":[{"count":1,"href":"https:\/\/blogs.correiobraziliense.com.br\/servidor\/wp-json\/wp\/v2\/posts\/4957\/revisions"}],"predecessor-version":[{"id":4958,"href":"https:\/\/blogs.correiobraziliense.com.br\/servidor\/wp-json\/wp\/v2\/posts\/4957\/revisions\/4958"}],"wp:attachment":[{"href":"https:\/\/blogs.correiobraziliense.com.br\/servidor\/wp-json\/wp\/v2\/media?parent=4957"}],"wp:term":[{"taxonomy":"category","embeddable":true,"href":"https:\/\/blogs.correiobraziliense.com.br\/servidor\/wp-json\/wp\/v2\/categories?post=4957"},{"taxonomy":"post_tag","embeddable":true,"href":"https:\/\/blogs.correiobraziliense.com.br\/servidor\/wp-json\/wp\/v2\/tags?post=4957"}],"curies":[{"name":"wp","href":"https:\/\/api.w.org\/{rel}","templated":true}]}}