{"id":4949,"date":"2017-04-10T10:14:32","date_gmt":"2017-04-10T13:14:32","guid":{"rendered":"https:\/\/blogs.correiobraziliense.com.br\/servidor\/?p=4949"},"modified":"2017-04-10T10:14:32","modified_gmt":"2017-04-10T13:14:32","slug":"errata","status":"publish","type":"post","link":"https:\/\/blogs.correiobraziliense.com.br\/servidor\/errata\/","title":{"rendered":"Errata do Instituto P\u00fablica"},"content":{"rendered":"<p>Infelizmente, a pesquisa com a opini\u00e3o dos parlamentares sobre a reforma saiu com dois erros de digital. Na realidade, a deputada Alice Portugal (PCdoB) e Hermes Parcianello (PMDB) s\u00e3o contra a reforma da Previd\u00eancia, ao inv\u00e9s de a favor, como foi divulgado. Segue a pesquisa correta:\u00a0<a href=\"http:\/\/aprevidenciaenossa.com.br\/placar-da-reforma\/\" target=\"_blank\">http:\/\/aprevidenciaenossa.com.br\/placar-da-reforma\/<\/a> Queremos saber, por gentileza, se \u00e9 poss\u00edvel noticiar essa informa\u00e7\u00e3o no Blog do Servidor com as informa\u00e7\u00f5es corretas.<\/p>\n","protected":false},"excerpt":{"rendered":"<p>Infelizmente, a pesquisa com a opini\u00e3o dos parlamentares sobre a reforma saiu com dois erros de digital. Na realidade, a deputada Alice Portugal (PCdoB) e Hermes Parcianello (PMDB) s\u00e3o contra a reforma da Previd\u00eancia, ao inv\u00e9s de a favor, como foi divulgado. Segue a pesquisa correta:\u00a0http:\/\/aprevidenciaenossa.com.br\/placar-da-reforma\/ Queremos saber, por gentileza, se \u00e9 poss\u00edvel noticiar essa informa\u00e7\u00e3o no Blog do Servidor [&hellip;]<\/p>\n","protected":false},"author":27,"featured_media":0,"comment_status":"open","ping_status":"closed","sticky":false,"template":"","format":"standard","meta":{"footnotes":""},"categories":[2719],"tags":[5853,5856,5858,5857,5827,268,187,549,711],"class_list":["post-4949","post","type-post","status-publish","format-standard","hentry","category-servidor","tag-alice-portugal","tag-errata","tag-hermes-parcianello","tag-instituto-publica","tag-opiniao","tag-parlamentares","tag-pesquisa","tag-previdencia","tag-reforma"],"_links":{"self":[{"href":"https:\/\/blogs.correiobraziliense.com.br\/servidor\/wp-json\/wp\/v2\/posts\/4949","targetHints":{"allow":["GET"]}}],"collection":[{"href":"https:\/\/blogs.correiobraziliense.com.br\/servidor\/wp-json\/wp\/v2\/posts"}],"about":[{"href":"https:\/\/blogs.correiobraziliense.com.br\/servidor\/wp-json\/wp\/v2\/types\/post"}],"author":[{"embeddable":true,"href":"https:\/\/blogs.correiobraziliense.com.br\/servidor\/wp-json\/wp\/v2\/users\/27"}],"replies":[{"embeddable":true,"href":"https:\/\/blogs.correiobraziliense.com.br\/servidor\/wp-json\/wp\/v2\/comments?post=4949"}],"version-history":[{"count":1,"href":"https:\/\/blogs.correiobraziliense.com.br\/servidor\/wp-json\/wp\/v2\/posts\/4949\/revisions"}],"predecessor-version":[{"id":4950,"href":"https:\/\/blogs.correiobraziliense.com.br\/servidor\/wp-json\/wp\/v2\/posts\/4949\/revisions\/4950"}],"wp:attachment":[{"href":"https:\/\/blogs.correiobraziliense.com.br\/servidor\/wp-json\/wp\/v2\/media?parent=4949"}],"wp:term":[{"taxonomy":"category","embeddable":true,"href":"https:\/\/blogs.correiobraziliense.com.br\/servidor\/wp-json\/wp\/v2\/categories?post=4949"},{"taxonomy":"post_tag","embeddable":true,"href":"https:\/\/blogs.correiobraziliense.com.br\/servidor\/wp-json\/wp\/v2\/tags?post=4949"}],"curies":[{"name":"wp","href":"https:\/\/api.w.org\/{rel}","templated":true}]}}