{"id":4920,"date":"2017-04-07T13:12:16","date_gmt":"2017-04-07T16:12:16","guid":{"rendered":"https:\/\/blogs.correiobraziliense.com.br\/servidor\/?p=4920"},"modified":"2017-04-07T13:12:16","modified_gmt":"2017-04-07T16:12:16","slug":"henrique-meirelles-e-dyogo-oliveira-concedem-entrevista-coletiva","status":"publish","type":"post","link":"https:\/\/blogs.correiobraziliense.com.br\/servidor\/henrique-meirelles-e-dyogo-oliveira-concedem-entrevista-coletiva\/","title":{"rendered":"Henrique Meirelles e Dyogo Oliveira concedem entrevista coletiva"},"content":{"rendered":"<p><i>Ministros falar\u00e3o sobre o Projeto de Lei de Diretrizes Or\u00e7ament\u00e1rias (PLDO-2018)<\/i><\/p>\n<p>Os ministros da Fazenda, Henrique Meirelles, e do Planejamento, Desenvolvimento e Gest\u00e3o, Dyogo Oliveira, concedem entrevista coletiva \u00e0 imprensa nesta sexta-feira (07\/04), \u00e0s 14h, no Pal\u00e1cio do Planalto, Sal\u00e3o Leste, \u00e0s 14h.<\/p>\n<p>Pauta: Projeto de Lei de Diretrizes Or\u00e7ament\u00e1rias (PLDO-2018)<\/p>\n","protected":false},"excerpt":{"rendered":"<p>Ministros falar\u00e3o sobre o Projeto de Lei de Diretrizes Or\u00e7ament\u00e1rias (PLDO-2018) Os ministros da Fazenda, Henrique Meirelles, e do Planejamento, Desenvolvimento e Gest\u00e3o, Dyogo Oliveira, concedem entrevista coletiva \u00e0 imprensa nesta sexta-feira (07\/04), \u00e0s 14h, no Pal\u00e1cio do Planalto, Sal\u00e3o Leste, \u00e0s 14h. Pauta: Projeto de Lei de Diretrizes Or\u00e7ament\u00e1rias (PLDO-2018)<\/p>\n","protected":false},"author":27,"featured_media":0,"comment_status":"open","ping_status":"closed","sticky":false,"template":"","format":"standard","meta":{"footnotes":""},"categories":[2719],"tags":[2255,302,3117,2211,3,5832],"class_list":["post-4920","post","type-post","status-publish","format-standard","hentry","category-servidor","tag-dyogo-oliveira","tag-fazenda","tag-henrique-meirelles","tag-planalto","tag-planejamento","tag-pldo-2018"],"_links":{"self":[{"href":"https:\/\/blogs.correiobraziliense.com.br\/servidor\/wp-json\/wp\/v2\/posts\/4920","targetHints":{"allow":["GET"]}}],"collection":[{"href":"https:\/\/blogs.correiobraziliense.com.br\/servidor\/wp-json\/wp\/v2\/posts"}],"about":[{"href":"https:\/\/blogs.correiobraziliense.com.br\/servidor\/wp-json\/wp\/v2\/types\/post"}],"author":[{"embeddable":true,"href":"https:\/\/blogs.correiobraziliense.com.br\/servidor\/wp-json\/wp\/v2\/users\/27"}],"replies":[{"embeddable":true,"href":"https:\/\/blogs.correiobraziliense.com.br\/servidor\/wp-json\/wp\/v2\/comments?post=4920"}],"version-history":[{"count":1,"href":"https:\/\/blogs.correiobraziliense.com.br\/servidor\/wp-json\/wp\/v2\/posts\/4920\/revisions"}],"predecessor-version":[{"id":4921,"href":"https:\/\/blogs.correiobraziliense.com.br\/servidor\/wp-json\/wp\/v2\/posts\/4920\/revisions\/4921"}],"wp:attachment":[{"href":"https:\/\/blogs.correiobraziliense.com.br\/servidor\/wp-json\/wp\/v2\/media?parent=4920"}],"wp:term":[{"taxonomy":"category","embeddable":true,"href":"https:\/\/blogs.correiobraziliense.com.br\/servidor\/wp-json\/wp\/v2\/categories?post=4920"},{"taxonomy":"post_tag","embeddable":true,"href":"https:\/\/blogs.correiobraziliense.com.br\/servidor\/wp-json\/wp\/v2\/tags?post=4920"}],"curies":[{"name":"wp","href":"https:\/\/api.w.org\/{rel}","templated":true}]}}