{"id":4906,"date":"2017-04-06T15:53:01","date_gmt":"2017-04-06T18:53:01","guid":{"rendered":"https:\/\/blogs.correiobraziliense.com.br\/servidor\/?p=4906"},"modified":"2017-04-06T15:53:01","modified_gmt":"2017-04-06T18:53:01","slug":"deputados-da-oposicao-protocolaram-na-pgr-representacao-contra-o-diretor-geral-da-pf","status":"publish","type":"post","link":"https:\/\/blogs.correiobraziliense.com.br\/servidor\/deputados-da-oposicao-protocolaram-na-pgr-representacao-contra-o-diretor-geral-da-pf\/","title":{"rendered":"Deputados da oposi\u00e7\u00e3o protocolaram na PGR representa\u00e7\u00e3o contra o diretor-geral da PF"},"content":{"rendered":"<p><em>Os deputados federais Paulo Pimenta (PT-RS), Wadih Damous (PT-RJ), Paulo Teixeira (PT-SP) e Jandira Feghali (PCdoB-RJ)\u00a0 protocolaram hoje (6), no Minist\u00e9rio P\u00fablico Federal, representa\u00e7\u00e3o contra o diretor-geral da Pol\u00edcia Federal, Leandro Daiello, e o delegado federal Igor Rom\u00e1rio de Paula, da for\u00e7a-tarefa da Lava Jato<\/em><\/p>\n<p>Os parlamentares pedem \u00e0 PGR que apure atos de improbidade administrativa, peculato, abuso de autoridade e prevarica\u00e7\u00e3o dos dois delegados, acusados de envolverem a Pol\u00edcia Federal na produ\u00e7\u00e3o e apoio \u00e0 realiza\u00e7\u00e3o de filme sobre a Opera\u00e7\u00e3o Lava Jato, \u201cA Lei \u00e9 para Todos\u201d.\u00a0 O pedido dos petistas foi encaminhado ao procurador Ivan Cl\u00e1udio Marx.<br \/>\nOs parlamentares classificam como \u201cprom\u00edscua\u201d a rela\u00e7\u00e3o que a Pol\u00edcia Federal vem mantendo com os realizadores do filme, cedendo de maneira irregular bens, equipamentos e pessoal para atender interesses privados. Segundo informa\u00e7\u00f5es obtidas pelos deputados Paulo Pimenta e Wadih Damous, agentes da PF viajaram, em fevereiro, a S\u00e3o Paulo para servir de motoristas dos atores. Apuraram tamb\u00e9m que viaturas oficiais da PF ficaram \u00e0 disposi\u00e7\u00e3o da equipe de filmagem. Outro questionamento \u00e9 quanto \u00e0 cess\u00e3o de armas, uniformes, carros, helic\u00f3ptero e avi\u00e3o da Pol\u00edcia Federal para a equipe produtora do filme.<\/p>\n<p>Os produtores do filme garantem que firmaram um \u201cacordo exclusivo de coopera\u00e7\u00e3o\u201d com a PF. Em fevereiro, o deputado Pimenta requereu a Leandro Daiello c\u00f3pia deste documento. Entretanto, Daiello se recusa a responder e tornar p\u00fablico o \u201cacordo de coopera\u00e7\u00e3o\u201d.\u00a0 Os parlamentares cobram ainda esclarecimentos sobre o fechamento da Superintend\u00eancia da Pol\u00edcia Federal no Paran\u00e1, no dia 18 de novembro passado,\u00a0 para que fosse realizada uma \u201cpintura no pr\u00e9dio\u201d. O deputado Pimenta contesta essa vers\u00e3o e afirma que \u201ch\u00e1 suspeita de que o fechamento tenha ocorrido para possibilitar grava\u00e7\u00f5es no interior da Superintend\u00eancia&#8221;.<\/p>\n","protected":false},"excerpt":{"rendered":"<p>Os deputados federais Paulo Pimenta (PT-RS), Wadih Damous (PT-RJ), Paulo Teixeira (PT-SP) e Jandira Feghali (PCdoB-RJ)\u00a0 protocolaram hoje (6), no Minist\u00e9rio P\u00fablico Federal, representa\u00e7\u00e3o contra o diretor-geral da Pol\u00edcia Federal, Leandro Daiello, e o delegado federal Igor Rom\u00e1rio de Paula, da for\u00e7a-tarefa da Lava Jato Os parlamentares pedem \u00e0 PGR que apure atos de improbidade administrativa, peculato, abuso de autoridade [&hellip;]<\/p>\n","protected":false},"author":27,"featured_media":0,"comment_status":"open","ping_status":"closed","sticky":false,"template":"","format":"standard","meta":{"footnotes":""},"categories":[2719],"tags":[5810,177,1178,5807,5006,5809,1407,319,548,5811,5808,1939,4684],"class_list":["post-4906","post","type-post","status-publish","format-standard","hentry","category-servidor","tag-a-lei-e-para-todos","tag-contra","tag-cooperacao","tag-deputdos","tag-diretor-geral","tag-filme","tag-operacao-lava-jato","tag-pf","tag-pgr","tag-promiscua","tag-protocolaram","tag-relacao","tag-representacao"],"_links":{"self":[{"href":"https:\/\/blogs.correiobraziliense.com.br\/servidor\/wp-json\/wp\/v2\/posts\/4906","targetHints":{"allow":["GET"]}}],"collection":[{"href":"https:\/\/blogs.correiobraziliense.com.br\/servidor\/wp-json\/wp\/v2\/posts"}],"about":[{"href":"https:\/\/blogs.correiobraziliense.com.br\/servidor\/wp-json\/wp\/v2\/types\/post"}],"author":[{"embeddable":true,"href":"https:\/\/blogs.correiobraziliense.com.br\/servidor\/wp-json\/wp\/v2\/users\/27"}],"replies":[{"embeddable":true,"href":"https:\/\/blogs.correiobraziliense.com.br\/servidor\/wp-json\/wp\/v2\/comments?post=4906"}],"version-history":[{"count":1,"href":"https:\/\/blogs.correiobraziliense.com.br\/servidor\/wp-json\/wp\/v2\/posts\/4906\/revisions"}],"predecessor-version":[{"id":4907,"href":"https:\/\/blogs.correiobraziliense.com.br\/servidor\/wp-json\/wp\/v2\/posts\/4906\/revisions\/4907"}],"wp:attachment":[{"href":"https:\/\/blogs.correiobraziliense.com.br\/servidor\/wp-json\/wp\/v2\/media?parent=4906"}],"wp:term":[{"taxonomy":"category","embeddable":true,"href":"https:\/\/blogs.correiobraziliense.com.br\/servidor\/wp-json\/wp\/v2\/categories?post=4906"},{"taxonomy":"post_tag","embeddable":true,"href":"https:\/\/blogs.correiobraziliense.com.br\/servidor\/wp-json\/wp\/v2\/tags?post=4906"}],"curies":[{"name":"wp","href":"https:\/\/api.w.org\/{rel}","templated":true}]}}