{"id":4897,"date":"2017-04-06T11:17:09","date_gmt":"2017-04-06T14:17:09","guid":{"rendered":"https:\/\/blogs.correiobraziliense.com.br\/servidor\/?p=4897"},"modified":"2017-04-06T11:17:09","modified_gmt":"2017-04-06T14:17:09","slug":"novo-comandante-da-escola-superior-de-guerra-esg","status":"publish","type":"post","link":"https:\/\/blogs.correiobraziliense.com.br\/servidor\/novo-comandante-da-escola-superior-de-guerra-esg\/","title":{"rendered":"Novo comandante da Escola Superior de Guerra (ESG)"},"content":{"rendered":"<p><em>O general D\u00e9cio Lu\u00eds Schons \u00e9 o novo comandante da Escola Superior de Guerra (ESG). A cerim\u00f4nia de troca de comando ocorreu na noite de 4 de abril, na sede da ESG, na Urca, no Rio de Janeiro. O general Schons substitui o brigadeiro Rafael Rodrigues Filho<\/em><\/p>\n<p>Em discurso, o ministro da Defesa, Raul Jungmann, destacou a import\u00e2ncia da ESG que, \u201cdesde 1949, quando de sua cria\u00e7\u00e3o, funciona como um centro permanente de estudos e consolida os conhecimentos imprescind\u00edveis para o planejamento da defesa, seguran\u00e7a e desenvolvimento nacionais\u201d.<\/p>\n<p>Segundo o ministro, \u201cao longo desses 68 anos, fortaleceram-se o padr\u00e3o de excel\u00eancia e a capacidade de influ\u00eancia da ESG, \u00e0 medida que nosso pa\u00eds vivia intensas transforma\u00e7\u00f5es no \u00e2mbito dom\u00e9stico e lidava tamb\u00e9m com os efeitos das mudan\u00e7as de conjuntura no cen\u00e1rio global\u201d.<\/p>\n<p>\u201cN\u00e3o quero me estender aqui sobre essas transforma\u00e7\u00f5es e mudan\u00e7as, mas n\u00e3o podemos perder de perspectiva o impacto profundo que tiveram sobre a geopol\u00edtica mundial, regional e dom\u00e9stica, e sobre as caracter\u00edsticas dos conflitos armados\u201d, disse.<\/p>\n<p>Segundo o ministro, \u201ca guerra, hoje, \u00e9 lutada dentro de cidades e comunidades; envolve atores e grupos transnacionais; faz cada vez mais v\u00edtimas civis; e \u00e9 cada vez mais intensiva em tecnologia\u201d.<\/p>\n<p>Ainda no discurso, lembrou que \u201cparalelamente, o cen\u00e1rio global \u00e9 de crescente incerteza\u201d. E continuou: \u201cassistimos, em uma conjuntura de multipolaridade assim\u00e9trica; ao rearmamento na Europa e \u00e0 prolifera\u00e7\u00e3o nuclear; ao agravamento da amea\u00e7a do terrorismo; a uma crise de refugiados e deslocados internos sem precedentes; e ao questionamento das institui\u00e7\u00f5es de governan\u00e7a global\u201d.<\/p>\n<p>Jungmann contou tamb\u00e9m que \u201cnossa regi\u00e3o busca preservar a estabilidade e as rela\u00e7\u00f5es pac\u00edficas, priorizando a solu\u00e7\u00e3o negociada de controv\u00e9rsias\u201d. \u201cComemoramos, segundo ele, o in\u00edcio do processo de paz na Col\u00f4mbia, mas s\u00e3o preocupantes a quest\u00e3o da seguran\u00e7a nas fronteiras sul-americanas e o crescimento do narcotr\u00e1fico e do crime organizado. Nossas riquezas naturais s\u00e3o tanto uma b\u00ean\u00e7\u00e3o quanto um fator de cobi\u00e7a, em um mundo que convive com crescente escassez e crescimento populacional\u201d.<\/p>\n<p>O ministro pontuou o discurso destacando ainda \u201ca valoriza\u00e7\u00e3o da agenda da Defesa \u00e9 parte importante das v\u00e1rias, complexas e inter-relacionadas estrat\u00e9gias das quais temos que lan\u00e7ar m\u00e3o para lidar com esses desafios\u201d.<\/p>\n<p>Segundo ele, &#8220;\u00e9 necess\u00e1rio que superemos, no Brasil, a percep\u00e7\u00e3o difundida junto \u00e0 sociedade de que n\u00e3o temos inimigos ou amea\u00e7as; que compreendamos o papel fundamental de nossa base industrial de defesa para o desenvolvimento nacional, como indutora de inova\u00e7\u00e3o tecnol\u00f3gica de uso dual, geradora de empregos e de renda na forma de produtos export\u00e1veis de alto valor agregado; que valorizemos a contribui\u00e7\u00e3o das For\u00e7as Armadas n\u00e3o apenas como defensoras da p\u00e1tria, mas como construtoras de nossa na\u00e7\u00e3o e promotoras de valores que precisam, mais do que nunca, ser cultivados\u201d.<\/p>\n<p>A cerim\u00f4nia de passagem de comando da ESG contou com a participa\u00e7\u00e3o dos comandantes da Marinha, almirante Eduardo Bacellar Leal Ferreira; do Ex\u00e9rcito, general Eduardo Dias da Costa Villas B\u00f4as; da Aeron\u00e1utica, brigadeiro Nivaldo Luiz Rossato; do chefe do Estado-Maior Conjunto das For\u00e7as Armadas (EMCFA), almirante Ademir Sobrinho, o comandante Militar do Leste (CML), general Walter Braga Netto, o diretor do Campus Bras\u00edlia, brigadeiro Delano Teixeira Menezes, dentre outros oficiais generais.<\/p>\n","protected":false},"excerpt":{"rendered":"<p>O general D\u00e9cio Lu\u00eds Schons \u00e9 o novo comandante da Escola Superior de Guerra (ESG). A cerim\u00f4nia de troca de comando ocorreu na noite de 4 de abril, na sede da ESG, na Urca, no Rio de Janeiro. O general Schons substitui o brigadeiro Rafael Rodrigues Filho Em discurso, o ministro da Defesa, Raul Jungmann, destacou a import\u00e2ncia da ESG [&hellip;]<\/p>\n","protected":false},"author":27,"featured_media":0,"comment_status":"open","ping_status":"closed","sticky":false,"template":"","format":"standard","meta":{"footnotes":""},"categories":[2719],"tags":[5798,5801,5800,1201,5799,1086,3,208],"class_list":["post-4897","post","type-post","status-publish","format-standard","hentry","category-servidor","tag-comandante","tag-conhecimentos","tag-decio-luis-schons","tag-defesa","tag-esg","tag-estudos","tag-planejamento","tag-seguranca"],"_links":{"self":[{"href":"https:\/\/blogs.correiobraziliense.com.br\/servidor\/wp-json\/wp\/v2\/posts\/4897","targetHints":{"allow":["GET"]}}],"collection":[{"href":"https:\/\/blogs.correiobraziliense.com.br\/servidor\/wp-json\/wp\/v2\/posts"}],"about":[{"href":"https:\/\/blogs.correiobraziliense.com.br\/servidor\/wp-json\/wp\/v2\/types\/post"}],"author":[{"embeddable":true,"href":"https:\/\/blogs.correiobraziliense.com.br\/servidor\/wp-json\/wp\/v2\/users\/27"}],"replies":[{"embeddable":true,"href":"https:\/\/blogs.correiobraziliense.com.br\/servidor\/wp-json\/wp\/v2\/comments?post=4897"}],"version-history":[{"count":1,"href":"https:\/\/blogs.correiobraziliense.com.br\/servidor\/wp-json\/wp\/v2\/posts\/4897\/revisions"}],"predecessor-version":[{"id":4898,"href":"https:\/\/blogs.correiobraziliense.com.br\/servidor\/wp-json\/wp\/v2\/posts\/4897\/revisions\/4898"}],"wp:attachment":[{"href":"https:\/\/blogs.correiobraziliense.com.br\/servidor\/wp-json\/wp\/v2\/media?parent=4897"}],"wp:term":[{"taxonomy":"category","embeddable":true,"href":"https:\/\/blogs.correiobraziliense.com.br\/servidor\/wp-json\/wp\/v2\/categories?post=4897"},{"taxonomy":"post_tag","embeddable":true,"href":"https:\/\/blogs.correiobraziliense.com.br\/servidor\/wp-json\/wp\/v2\/tags?post=4897"}],"curies":[{"name":"wp","href":"https:\/\/api.w.org\/{rel}","templated":true}]}}