{"id":4863,"date":"2017-04-05T08:24:28","date_gmt":"2017-04-05T11:24:28","guid":{"rendered":"https:\/\/blogs.correiobraziliense.com.br\/servidor\/?p=4863"},"modified":"2017-04-04T19:28:02","modified_gmt":"2017-04-04T22:28:02","slug":"contratacao-de-aposentado-por-hora-e-mais-uma-proposta-que-retira-direitos-e-provoca-queda-na-arrecadacao-da-previdencia","status":"publish","type":"post","link":"https:\/\/blogs.correiobraziliense.com.br\/servidor\/contratacao-de-aposentado-por-hora-e-mais-uma-proposta-que-retira-direitos-e-provoca-queda-na-arrecadacao-da-previdencia\/","title":{"rendered":"Contrata\u00e7\u00e3o de aposentado por hora \u00e9 mais uma proposta que retira direitos e provoca queda na arrecada\u00e7\u00e3o da Previd\u00eancia"},"content":{"rendered":"<p>De olho na aprova\u00e7\u00e3o a qualquer custo da reforma da Previd\u00eancia com idade m\u00ednima de 65 anos para homens e mulheres darem entrada na aposentadoria, o governo federal pretende apresentar um projeto de lei que permite que aposentados sejam contratados por hora, sem obriga\u00e7\u00e3o para empresa de contribui\u00e7\u00e3o para o Instituto Nacional do Seguro Social (INSS), pagamento do FGTS e outros encargos e sem v\u00ednculo empregat\u00edcio.<\/p>\n<p>Na opini\u00e3o do advogado Jo\u00e3o Badari, especialista em Direito Previdenci\u00e1rio e s\u00f3cio do Aith, Badari e Luchin Advogados, a proposta \u00e9 mais uma manobra do governo para acelerar a reforma, mas pode provocar a queda de arrecada\u00e7\u00e3o da Previd\u00eancia. \u201cAl\u00e9m disso, \u00e9 mais uma alternativa, ao lado da terceiriza\u00e7\u00e3o que pode contribuir para a precariza\u00e7\u00e3o do trabalho no pa\u00eds\u201d, afirma.<\/p>\n<p>De acordo com o projeto, empresas com no m\u00ednimo um funcion\u00e1rio poder\u00e3o contratar pessoas com mais de 60 anos, com uma carga hor\u00e1ria semanal de at\u00e9 25 horas. Entretanto, o trabalho di\u00e1rio n\u00e3o poderia ultrapassar o limite de oito horas. Al\u00e9m disso, n\u00e3o haveria uma escala fixa, ou seja, estaria liberado um calend\u00e1rio com dias alternados.<\/p>\n<p>Badari ressalta que, pelo desenho do projeto, o trabalhador aposentado dever\u00e1 se tornar um empregado sem direitos previstos e garantidos pela Consolida\u00e7\u00e3o das Leis trabalhistas (CLT). \u201c\u00c9 mais um projeto do Governo Federal que retira direito dos aposentados e trabalhadores brasileiros conquistados durante d\u00e9cadas. O atual governo a todo custo tornar a Previd\u00eancia deficit\u00e1ria, ao inv\u00e9s de investir no trabalho formal e a arrecada\u00e7\u00e3o\u201d, conclui<\/p>\n","protected":false},"excerpt":{"rendered":"<p>De olho na aprova\u00e7\u00e3o a qualquer custo da reforma da Previd\u00eancia com idade m\u00ednima de 65 anos para homens e mulheres darem entrada na aposentadoria, o governo federal pretende apresentar um projeto de lei que permite que aposentados sejam contratados por hora, sem obriga\u00e7\u00e3o para empresa de contribui\u00e7\u00e3o para o Instituto Nacional do Seguro Social (INSS), pagamento do FGTS e [&hellip;]<\/p>\n","protected":false},"author":27,"featured_media":0,"comment_status":"open","ping_status":"closed","sticky":false,"template":"","format":"standard","meta":{"footnotes":""},"categories":[2719],"tags":[2536,946,3809,619,5743,685,5742,11,549,54,1377,99,1251,1946],"class_list":["post-4863","post","type-post","status-publish","format-standard","hentry","category-servidor","tag-aposentado","tag-arrecadacao","tag-contratar","tag-direitos","tag-empregaticio","tag-fgts","tag-hor","tag-inss","tag-previdencia","tag-proposta","tag-queda","tag-retira","tag-terceirizacao","tag-vinculo"],"_links":{"self":[{"href":"https:\/\/blogs.correiobraziliense.com.br\/servidor\/wp-json\/wp\/v2\/posts\/4863","targetHints":{"allow":["GET"]}}],"collection":[{"href":"https:\/\/blogs.correiobraziliense.com.br\/servidor\/wp-json\/wp\/v2\/posts"}],"about":[{"href":"https:\/\/blogs.correiobraziliense.com.br\/servidor\/wp-json\/wp\/v2\/types\/post"}],"author":[{"embeddable":true,"href":"https:\/\/blogs.correiobraziliense.com.br\/servidor\/wp-json\/wp\/v2\/users\/27"}],"replies":[{"embeddable":true,"href":"https:\/\/blogs.correiobraziliense.com.br\/servidor\/wp-json\/wp\/v2\/comments?post=4863"}],"version-history":[{"count":1,"href":"https:\/\/blogs.correiobraziliense.com.br\/servidor\/wp-json\/wp\/v2\/posts\/4863\/revisions"}],"predecessor-version":[{"id":4864,"href":"https:\/\/blogs.correiobraziliense.com.br\/servidor\/wp-json\/wp\/v2\/posts\/4863\/revisions\/4864"}],"wp:attachment":[{"href":"https:\/\/blogs.correiobraziliense.com.br\/servidor\/wp-json\/wp\/v2\/media?parent=4863"}],"wp:term":[{"taxonomy":"category","embeddable":true,"href":"https:\/\/blogs.correiobraziliense.com.br\/servidor\/wp-json\/wp\/v2\/categories?post=4863"},{"taxonomy":"post_tag","embeddable":true,"href":"https:\/\/blogs.correiobraziliense.com.br\/servidor\/wp-json\/wp\/v2\/tags?post=4863"}],"curies":[{"name":"wp","href":"https:\/\/api.w.org\/{rel}","templated":true}]}}