{"id":4849,"date":"2017-04-04T14:50:43","date_gmt":"2017-04-04T17:50:43","guid":{"rendered":"https:\/\/blogs.correiobraziliense.com.br\/servidor\/?p=4849"},"modified":"2017-04-04T14:50:43","modified_gmt":"2017-04-04T17:50:43","slug":"embrapa-agroenergia-curso-de-termografia","status":"publish","type":"post","link":"https:\/\/blogs.correiobraziliense.com.br\/servidor\/embrapa-agroenergia-curso-de-termografia\/","title":{"rendered":"Embrapa Agroenergia &#8211; curso de termografia"},"content":{"rendered":"<p>A Embrapa Agroenergia inicia, no dia 8 de maio, o curso &#8220;Termografia aplicada \u00e0 avalia\u00e7\u00e3o de plantas em condi\u00e7\u00f5es de campo&#8221;, na sede da Unidade, em Bras\u00edlia\/DF. O treinamento \u00e9 gratuito, tem dura\u00e7\u00e3o de 8 horas e h\u00e1 50 vagas para profissionais que atuam na todo o Brasil.<\/p>\n<p>O curso \u00e9 dividido em quatro m\u00f3dulos. Iniciar\u00e1 abordando o uso da termografia na agricultura, com apresenta\u00e7\u00e3o do pesquisador da Embrapa Agroenergia, Carlos Sousa. O m\u00f3dulo dois tratar\u00e1 sobre a teoria b\u00e1sica da termografia e o terceiro abordar\u00e1 a aplica\u00e7\u00e3o pr\u00e1tica da termografia no campo com o uso de VANT, ambos ministrados por Ronaldo Jorge de Sousa da FLIR Systems, Inc. Ao final, Raphael Casari, da Casari Consultoria e Thiago Santos, da Embrapa Inform\u00e1tica Agropecu\u00e1ria (Campinas\/SP) explicam sobre o processamento de imagens termogr\u00e1ficas. Tamb\u00e9m est\u00e1 programada a demonstra\u00e7\u00e3o pr\u00e1tica da captura de imagens t\u00e9rmogr\u00e1ficas usando uma c\u00e2mera embarcada em um drone.<\/p>\n<p>\u201cN\u00f3s temos recebido demandas de pessoas que possuem c\u00e2meras t\u00e9rmicas, mas ainda n\u00e3o tem o conhecimento te\u00f3rico e pr\u00e1tico s\u00f3lidos de como utiliz\u00e1-las. H\u00e1 outros, ainda, que desejam adquirir uma c\u00e2mera t\u00e9rmica, mas tem dificuldades na especifica\u00e7\u00e3o do equipamento, de acordo com a sua necessidade, como modelo, quantidade de pixels na imagem e frame rate\u201d, explica Carlos Sousa. Nesta l\u00f3gica, ser\u00e1 realizado o treinamento para apresentar aos participantes os conceitos b\u00e1sicos de termografia, bem como a aplica\u00e7\u00e3o pr\u00e1tica da t\u00e9cnica na avalia\u00e7\u00e3o de plantas em campo.<\/p>\n<p>\u201cTenho certeza de que seria algo de muito interesse para diversos grupos de pesquisa com plantas que est\u00e3o espalhados pelo Pa\u00eds e, especialmente nas Unidades da Embrapa\u201d, destaca Ronaldo Sousa.<\/p>\n<p><strong>Pesquisas<\/strong><\/p>\n<p>A Embrapa Agroenergia utiliza a t\u00e9cnica de termografia em pesquisas com culturas de interesse para Agroenergia. As imagens capturadas servem para identificar e selecionar as plantas mais tolerantes \u00e0 seca. Recentemente, a Unidade adquiriu um drone para capturar imagens t\u00e9rmicas de cana-de-a\u00e7\u00facar e milho. \u201cCom este equipamento \u00e9 poss\u00edvel examinar com mais precis\u00e3o a copa das plantas e identificar quais gen\u00f3tipos s\u00e3o mais tolerantes ao estresse h\u00eddrico\u201d afirma Carlos. A t\u00e9cnica est\u00e1 sendo usada em dois grandes projetos: PHENOCORN, financiado pela Embrapa, e BRPRO2G, com recursos do BNDES.<\/p>\n<p>Na p\u00e1gina da Embrapa Agroenergia <a href=\"http:\/\/www.embrapa.br\/agroenergia\">www.embrapa.br\/agroenergia<\/a> acompanhe as pesquisas desenvolvidas com termografia.<\/p>\n<p><strong>Servi\u00e7o<\/strong><\/p>\n<p><strong>Inscri\u00e7\u00f5es:<\/strong> at\u00e9 o dia 05 de maio, \u00e0s 17h pelo e-mail <a href=\"mailto:agroenergia.eventos@embrapa.br\">agroenergia.eventos@embrapa.br<\/a>. Deve conter nome, ocupa\u00e7\u00e3o e institui\u00e7\u00e3o ao qual faz parte. Mais informa\u00e7\u00f5es pelo telefone (61) 3448-2282.<\/p>\n<p><strong>Data:<\/strong> 08 de maio<\/p>\n<p><strong>Hor\u00e1rio:<\/strong> Das 9h \u00e0s 17h<\/p>\n<p><strong>Local:<\/strong> Embrapa Agroenergia &#8211; PQEB &#8211; Av. W3 Norte &#8211; Asa Norte, Bras\u00edlia\/DF, 70770-901<\/p>\n<p>&nbsp;<\/p>\n<p><strong>Mais informa\u00e7\u00f5es sobre o tema<\/strong><\/p>\n<p>Servi\u00e7o de Atendimento ao Cidad\u00e3o (SAC)<\/p>\n<p><a href=\"http:\/\/www.embrapa.br\/fale-conosco\/sac\/\">www.embrapa.br\/fale-conosco\/sac\/<\/a><\/p>\n","protected":false},"excerpt":{"rendered":"<p>A Embrapa Agroenergia inicia, no dia 8 de maio, o curso &#8220;Termografia aplicada \u00e0 avalia\u00e7\u00e3o de plantas em condi\u00e7\u00f5es de campo&#8221;, na sede da Unidade, em Bras\u00edlia\/DF. O treinamento \u00e9 gratuito, tem dura\u00e7\u00e3o de 8 horas e h\u00e1 50 vagas para profissionais que atuam na todo o Brasil. O curso \u00e9 dividido em quatro m\u00f3dulos. Iniciar\u00e1 abordando o uso da [&hellip;]<\/p>\n","protected":false},"author":27,"featured_media":0,"comment_status":"open","ping_status":"closed","sticky":false,"template":"","format":"standard","meta":{"footnotes":""},"categories":[2719],"tags":[5374,4945,3889,1076,423,2345,3909,5725,4661,5723,5722,5727,5726,5724],"class_list":["post-4849","post","type-post","status-publish","format-standard","hentry","category-servidor","tag-agricultura","tag-basica","tag-campo","tag-curso","tag-embrapa-agroenergia","tag-gratuito","tag-imagens","tag-pesquisador","tag-pesquisas","tag-plantas","tag-termografia","tag-termografica","tag-teroria","tag-treinamento"],"_links":{"self":[{"href":"https:\/\/blogs.correiobraziliense.com.br\/servidor\/wp-json\/wp\/v2\/posts\/4849","targetHints":{"allow":["GET"]}}],"collection":[{"href":"https:\/\/blogs.correiobraziliense.com.br\/servidor\/wp-json\/wp\/v2\/posts"}],"about":[{"href":"https:\/\/blogs.correiobraziliense.com.br\/servidor\/wp-json\/wp\/v2\/types\/post"}],"author":[{"embeddable":true,"href":"https:\/\/blogs.correiobraziliense.com.br\/servidor\/wp-json\/wp\/v2\/users\/27"}],"replies":[{"embeddable":true,"href":"https:\/\/blogs.correiobraziliense.com.br\/servidor\/wp-json\/wp\/v2\/comments?post=4849"}],"version-history":[{"count":1,"href":"https:\/\/blogs.correiobraziliense.com.br\/servidor\/wp-json\/wp\/v2\/posts\/4849\/revisions"}],"predecessor-version":[{"id":4850,"href":"https:\/\/blogs.correiobraziliense.com.br\/servidor\/wp-json\/wp\/v2\/posts\/4849\/revisions\/4850"}],"wp:attachment":[{"href":"https:\/\/blogs.correiobraziliense.com.br\/servidor\/wp-json\/wp\/v2\/media?parent=4849"}],"wp:term":[{"taxonomy":"category","embeddable":true,"href":"https:\/\/blogs.correiobraziliense.com.br\/servidor\/wp-json\/wp\/v2\/categories?post=4849"},{"taxonomy":"post_tag","embeddable":true,"href":"https:\/\/blogs.correiobraziliense.com.br\/servidor\/wp-json\/wp\/v2\/tags?post=4849"}],"curies":[{"name":"wp","href":"https:\/\/api.w.org\/{rel}","templated":true}]}}