{"id":4839,"date":"2017-04-04T11:33:38","date_gmt":"2017-04-04T14:33:38","guid":{"rendered":"https:\/\/blogs.correiobraziliense.com.br\/servidor\/?p=4839"},"modified":"2017-04-04T11:33:38","modified_gmt":"2017-04-04T14:33:38","slug":"boletim-das-empresas-estatais-federais","status":"publish","type":"post","link":"https:\/\/blogs.correiobraziliense.com.br\/servidor\/boletim-das-empresas-estatais-federais\/","title":{"rendered":"Boletim das Empresas Estatais Federais"},"content":{"rendered":"<p>O Ministro do Planejamento Desenvolvimento e Gest\u00e3o, Dyogo Oliveira, e o secret\u00e1rio de Coordena\u00e7\u00e3o e Governan\u00e7a das Empresas Estatais do Minist\u00e9rio do Planejamento, Fernando Soares, divulgam, nesta ter\u00e7a-feira (04), \u00e0s 15h, em Bras\u00edlia, o Boletim das Empresas Estatais Federais, que re\u00fane dados e informa\u00e7\u00f5es sobre as empresas sob controle direto e indireto da Uni\u00e3o.<\/p>\n<p>A publica\u00e7\u00e3o \u00e9 editada pela Secretaria de Coordena\u00e7\u00e3o e Governan\u00e7a das Empresas Estatais (Sest) e traz dados sobre as empresas estatais federais em tr\u00eas \u00e1reas centrais: or\u00e7amento, governan\u00e7a e pol\u00edtica de pessoal.<\/p>\n","protected":false},"excerpt":{"rendered":"<p>O Ministro do Planejamento Desenvolvimento e Gest\u00e3o, Dyogo Oliveira, e o secret\u00e1rio de Coordena\u00e7\u00e3o e Governan\u00e7a das Empresas Estatais do Minist\u00e9rio do Planejamento, Fernando Soares, divulgam, nesta ter\u00e7a-feira (04), \u00e0s 15h, em Bras\u00edlia, o Boletim das Empresas Estatais Federais, que re\u00fane dados e informa\u00e7\u00f5es sobre as empresas sob controle direto e indireto da Uni\u00e3o. A publica\u00e7\u00e3o \u00e9 editada pela Secretaria [&hellip;]<\/p>\n","protected":false},"author":27,"featured_media":0,"comment_status":"open","ping_status":"closed","sticky":false,"template":"","format":"standard","meta":{"footnotes":""},"categories":[2719],"tags":[2609,207,1727,59,3,5710,330],"class_list":["post-4839","post","type-post","status-publish","format-standard","hentry","category-servidor","tag-boletim","tag-controle","tag-estatais","tag-federais","tag-planejamento","tag-sest","tag-uniao"],"_links":{"self":[{"href":"https:\/\/blogs.correiobraziliense.com.br\/servidor\/wp-json\/wp\/v2\/posts\/4839","targetHints":{"allow":["GET"]}}],"collection":[{"href":"https:\/\/blogs.correiobraziliense.com.br\/servidor\/wp-json\/wp\/v2\/posts"}],"about":[{"href":"https:\/\/blogs.correiobraziliense.com.br\/servidor\/wp-json\/wp\/v2\/types\/post"}],"author":[{"embeddable":true,"href":"https:\/\/blogs.correiobraziliense.com.br\/servidor\/wp-json\/wp\/v2\/users\/27"}],"replies":[{"embeddable":true,"href":"https:\/\/blogs.correiobraziliense.com.br\/servidor\/wp-json\/wp\/v2\/comments?post=4839"}],"version-history":[{"count":1,"href":"https:\/\/blogs.correiobraziliense.com.br\/servidor\/wp-json\/wp\/v2\/posts\/4839\/revisions"}],"predecessor-version":[{"id":4840,"href":"https:\/\/blogs.correiobraziliense.com.br\/servidor\/wp-json\/wp\/v2\/posts\/4839\/revisions\/4840"}],"wp:attachment":[{"href":"https:\/\/blogs.correiobraziliense.com.br\/servidor\/wp-json\/wp\/v2\/media?parent=4839"}],"wp:term":[{"taxonomy":"category","embeddable":true,"href":"https:\/\/blogs.correiobraziliense.com.br\/servidor\/wp-json\/wp\/v2\/categories?post=4839"},{"taxonomy":"post_tag","embeddable":true,"href":"https:\/\/blogs.correiobraziliense.com.br\/servidor\/wp-json\/wp\/v2\/tags?post=4839"}],"curies":[{"name":"wp","href":"https:\/\/api.w.org\/{rel}","templated":true}]}}