{"id":4829,"date":"2017-04-03T16:13:38","date_gmt":"2017-04-03T19:13:38","guid":{"rendered":"https:\/\/blogs.correiobraziliense.com.br\/servidor\/?p=4829"},"modified":"2017-04-03T16:13:38","modified_gmt":"2017-04-03T19:13:38","slug":"julgamento-chapa-dilmaxtemer-aecio-neves-ou-novas-eleicoes","status":"publish","type":"post","link":"https:\/\/blogs.correiobraziliense.com.br\/servidor\/julgamento-chapa-dilmaxtemer-aecio-neves-ou-novas-eleicoes\/","title":{"rendered":"Julgamento chapa DilmaxTemer: A\u00e9cio Neves ou novas elei\u00e7\u00f5es?"},"content":{"rendered":"<p>A\u00e9cio Neves ou Novas Elei\u00e7\u00f5es? <em>Entenda como o julgamento da chapa Dilma-Temer, que ter\u00e1 in\u00edcio nesta ter\u00e7a-feira, dia 4 de abril, pode afetar o futuro presidencial do pa\u00eds<br \/>\n<\/em><\/p>\n<p>O professor de direito eleitoral e constitucional da Universidade Cat\u00f3lica de Bras\u00edlia (UCB), Weslei Machado Alves, comentou a complexidade do caso e os ritos processuais que envolver\u00e3o a vota\u00e7\u00e3o no Tribunal Superior Eleitoral (TSE). As den\u00fancias envolvem abuso de poder pol\u00edtico e econ\u00f4mico da chapa e o julgamento pode durar at\u00e9 quatro sess\u00f5es. Em sua avalia\u00e7\u00e3o sobre o rito de julgamento da chapa, o prof. Weslei Machado considera a possibilidade de ter o 2\u00ba colocado nas elei\u00e7\u00f5es de 2014 como presidente interino, no caso, A\u00e9cio Neves (PSDB), segundo jurisprud\u00eancia do TSE. Por outro lado, h\u00e1 a possibilidade da realiza\u00e7\u00e3o de novas elei\u00e7\u00f5es diretas, em que o povo \u00e9 chamado para votar no prazo de 90 dias, ou elei\u00e7\u00f5es indiretas, em que o Congresso Nacional determina seu governante.<\/p>\n<p><strong>Veja <a href=\"https:\/\/www.youtube.com\/watch?v=R8TFugUFhx0\">aqui<\/a> o v\u00eddeo do professor Weslei Machado sobre o assunto.<\/strong><\/p>\n","protected":false},"excerpt":{"rendered":"<p>A\u00e9cio Neves ou Novas Elei\u00e7\u00f5es? Entenda como o julgamento da chapa Dilma-Temer, que ter\u00e1 in\u00edcio nesta ter\u00e7a-feira, dia 4 de abril, pode afetar o futuro presidencial do pa\u00eds O professor de direito eleitoral e constitucional da Universidade Cat\u00f3lica de Bras\u00edlia (UCB), Weslei Machado Alves, comentou a complexidade do caso e os ritos processuais que envolver\u00e3o a vota\u00e7\u00e3o no Tribunal Superior [&hellip;]<\/p>\n","protected":false},"author":27,"featured_media":0,"comment_status":"open","ping_status":"closed","sticky":false,"template":"","format":"standard","meta":{"footnotes":""},"categories":[2719],"tags":[2947,5696,3918,5697,5695,2596,2021,1200,1949,198,2216,1427,4097,5699,5698,4956,2053],"class_list":["post-4829","post","type-post","status-publish","format-standard","hentry","category-servidor","tag-abuso","tag-aecio-neves","tag-chapa","tag-complexidade","tag-dilmaxtemer","tag-economico","tag-eleicoes","tag-futuro","tag-julgamento","tag-pais","tag-poder","tag-politico","tag-processuais","tag-rito","tag-ritos","tag-sessoes","tag-tse"],"_links":{"self":[{"href":"https:\/\/blogs.correiobraziliense.com.br\/servidor\/wp-json\/wp\/v2\/posts\/4829","targetHints":{"allow":["GET"]}}],"collection":[{"href":"https:\/\/blogs.correiobraziliense.com.br\/servidor\/wp-json\/wp\/v2\/posts"}],"about":[{"href":"https:\/\/blogs.correiobraziliense.com.br\/servidor\/wp-json\/wp\/v2\/types\/post"}],"author":[{"embeddable":true,"href":"https:\/\/blogs.correiobraziliense.com.br\/servidor\/wp-json\/wp\/v2\/users\/27"}],"replies":[{"embeddable":true,"href":"https:\/\/blogs.correiobraziliense.com.br\/servidor\/wp-json\/wp\/v2\/comments?post=4829"}],"version-history":[{"count":1,"href":"https:\/\/blogs.correiobraziliense.com.br\/servidor\/wp-json\/wp\/v2\/posts\/4829\/revisions"}],"predecessor-version":[{"id":4830,"href":"https:\/\/blogs.correiobraziliense.com.br\/servidor\/wp-json\/wp\/v2\/posts\/4829\/revisions\/4830"}],"wp:attachment":[{"href":"https:\/\/blogs.correiobraziliense.com.br\/servidor\/wp-json\/wp\/v2\/media?parent=4829"}],"wp:term":[{"taxonomy":"category","embeddable":true,"href":"https:\/\/blogs.correiobraziliense.com.br\/servidor\/wp-json\/wp\/v2\/categories?post=4829"},{"taxonomy":"post_tag","embeddable":true,"href":"https:\/\/blogs.correiobraziliense.com.br\/servidor\/wp-json\/wp\/v2\/tags?post=4829"}],"curies":[{"name":"wp","href":"https:\/\/api.w.org\/{rel}","templated":true}]}}