{"id":4818,"date":"2017-04-03T12:04:31","date_gmt":"2017-04-03T15:04:31","guid":{"rendered":"https:\/\/blogs.correiobraziliense.com.br\/servidor\/?p=4818"},"modified":"2017-04-03T12:04:31","modified_gmt":"2017-04-03T15:04:31","slug":"decreto-reserva-60-de-cargos-de-alto-escalao-para-servidores-efetivos","status":"publish","type":"post","link":"https:\/\/blogs.correiobraziliense.com.br\/servidor\/decreto-reserva-60-de-cargos-de-alto-escalao-para-servidores-efetivos\/","title":{"rendered":"Decreto reserva 60% de cargos de alto escal\u00e3o para servidores efetivos"},"content":{"rendered":"<p><i>Nova legisla\u00e7\u00e3o <\/i><i>reduz em 32% o total de DAS sem v\u00ednculo no governo federal<\/i><\/p>\n<p>O Minist\u00e9rio do Planejamento informa que, com o objetivo de valorizar e profissionalizar servidores p\u00fablicos, o governo federal publicou, nesta segunda-feira (3), o <a href=\"http:\/\/pesquisa.in.gov.br\/imprensa\/jsp\/visualiza\/index.jsp?jornal=1&amp;pagina=1&amp;data=03\/04\/2017\"> Decreto n\u00ba 9.021<\/a>, que estabelece percentuais m\u00ednimos para a ocupa\u00e7\u00e3o de cargos em comiss\u00e3o do Grupo-Dire\u00e7\u00e3o e Assessoramento Superiores (DAS) 5 e 6, por servidores efetivos. A partir de agora, fica estabelecido que pelo menos 60% dos mais altos cargos comissionados do governo federal devem ser ocupados por servidores que ingressaram na carreira por meio de concurso p\u00fablico.<\/p>\n<p>\u201cEsta \u00e9 a primeira vez que o Executivo Federal estabelece patamares m\u00ednimos para ocupa\u00e7\u00e3o, por servidores de carreira, de cargos como os de secret\u00e1rios, diretores, assessores especiais, al\u00e9m de dirigentes m\u00e1ximos de autarquias e funda\u00e7\u00f5es p\u00fablicas\u201d, disse o ministro do Planejamento, Desenvolvimento e Gest\u00e3o, Dyogo Oliveira.<\/p>\n<p>Al\u00e9m de instituir o percentual m\u00ednimo de ocupa\u00e7\u00e3o de cargos estrat\u00e9gicos, o decreto modifica limites de ocupa\u00e7\u00e3o de cargos DAS de 1 a 4. Nesses casos, metade da for\u00e7a de trabalho ser\u00e1 de servidores efetivos (50%) \u2013 antes, era de 75% para DAS 1, 2, 3 e 50% para DAS 4. \u201cMesmo com a flexibiliza\u00e7\u00e3o do percentual dos n\u00edveis de DAS 1 a 3, \u00e9 importante frisar que houve uma redu\u00e7\u00e3o de 1 mil cargos comissionados entre os que podem ser ocupados por profissionais sem v\u00ednculo com a Administra\u00e7\u00e3o\u201d, explicou o secret\u00e1rio de Gest\u00e3o, Gleisson Rubin.<\/p>\n<p>O decreto complementa um conjunto de medidas da reforma administrativa, que tem como objetivo racionalizar\u00a0a atual estrutura de pessoal e ampliar\u00a0a capacidade t\u00e9cnica do Estado. A reestrutura\u00e7\u00e3o foi um compromisso assumido pelo presidente Michel Temer no in\u00edcio de seu mandato. Duas medidas j\u00e1 foram adotadas: a extin\u00e7\u00e3o de mais de 4 mil cargos e fun\u00e7\u00f5es de confian\u00e7a; e a convers\u00e3o de cerca de 10 mil DAS em Fun\u00e7\u00f5es Comissionadas do Poder Executivo (FCPE), que passaram a ser ocupadas exclusivamente por servidores.<\/p>\n<p><strong>Redu\u00e7\u00e3o dos limites para nomea\u00e7\u00e3o de cargos comissionados sem v\u00ednculo:<\/strong><\/p>\n<table width=\"37%\">\n<tbody>\n<tr>\n<td width=\"147\">\u200b<\/td>\n<td width=\"147\"><strong>Limite antigo<\/strong><\/td>\n<td width=\"146\"><strong>Limite atual<\/strong><\/td>\n<td width=\"146\"><strong>Redu\u00e7\u00e3o percentual<\/strong><\/td>\n<\/tr>\n<tr>\n<td>DAS 1 a 3<\/td>\n<td>4.742<\/td>\n<td>3.766<\/td>\n<td>-21% (976)<\/td>\n<\/tr>\n<tr>\n<td>DAS 4<\/td>\n<td>1.933<\/td>\n<td>1.202<\/td>\n<td>-38% (731)<\/td>\n<\/tr>\n<tr>\n<td>DAS 5 e DAS 6<\/td>\n<td>1.424<\/td>\n<td>531<\/td>\n<td>-63% (893)<\/td>\n<\/tr>\n<tr>\n<td><strong>TOTAL<\/strong><\/td>\n<td><strong>8.099<\/strong><\/td>\n<td><strong>5.499<\/strong><\/td>\n<td><strong>-32% (2.600)<\/strong><\/td>\n<\/tr>\n<\/tbody>\n<\/table>\n","protected":false},"excerpt":{"rendered":"<p>Nova legisla\u00e7\u00e3o reduz em 32% o total de DAS sem v\u00ednculo no governo federal O Minist\u00e9rio do Planejamento informa que, com o objetivo de valorizar e profissionalizar servidores p\u00fablicos, o governo federal publicou, nesta segunda-feira (3), o Decreto n\u00ba 9.021, que estabelece percentuais m\u00ednimos para a ocupa\u00e7\u00e3o de cargos em comiss\u00e3o do Grupo-Dire\u00e7\u00e3o e Assessoramento Superiores (DAS) 5 e 6, [&hellip;]<\/p>\n","protected":false},"author":27,"featured_media":0,"comment_status":"open","ping_status":"closed","sticky":false,"template":"","format":"standard","meta":{"footnotes":""},"categories":[2719],"tags":[4334,791,644,93,2396,1172,5683,5684,2050,2940,5682,2975,9,4335,98,5681,702,807,58],"class_list":["post-4818","post","type-post","status-publish","format-standard","hentry","category-servidor","tag-autarquias","tag-cargos","tag-comissionados","tag-concurso","tag-das","tag-decreto","tag-decro-no-9-021","tag-diretores","tag-dirigentes","tag-efetivos","tag-escalao","tag-especiais","tag-executivo","tag-fundacoes","tag-governo","tag-ministerio-do-planemento","tag-reserva","tag-secretario","tag-servidores"],"_links":{"self":[{"href":"https:\/\/blogs.correiobraziliense.com.br\/servidor\/wp-json\/wp\/v2\/posts\/4818","targetHints":{"allow":["GET"]}}],"collection":[{"href":"https:\/\/blogs.correiobraziliense.com.br\/servidor\/wp-json\/wp\/v2\/posts"}],"about":[{"href":"https:\/\/blogs.correiobraziliense.com.br\/servidor\/wp-json\/wp\/v2\/types\/post"}],"author":[{"embeddable":true,"href":"https:\/\/blogs.correiobraziliense.com.br\/servidor\/wp-json\/wp\/v2\/users\/27"}],"replies":[{"embeddable":true,"href":"https:\/\/blogs.correiobraziliense.com.br\/servidor\/wp-json\/wp\/v2\/comments?post=4818"}],"version-history":[{"count":1,"href":"https:\/\/blogs.correiobraziliense.com.br\/servidor\/wp-json\/wp\/v2\/posts\/4818\/revisions"}],"predecessor-version":[{"id":4819,"href":"https:\/\/blogs.correiobraziliense.com.br\/servidor\/wp-json\/wp\/v2\/posts\/4818\/revisions\/4819"}],"wp:attachment":[{"href":"https:\/\/blogs.correiobraziliense.com.br\/servidor\/wp-json\/wp\/v2\/media?parent=4818"}],"wp:term":[{"taxonomy":"category","embeddable":true,"href":"https:\/\/blogs.correiobraziliense.com.br\/servidor\/wp-json\/wp\/v2\/categories?post=4818"},{"taxonomy":"post_tag","embeddable":true,"href":"https:\/\/blogs.correiobraziliense.com.br\/servidor\/wp-json\/wp\/v2\/tags?post=4818"}],"curies":[{"name":"wp","href":"https:\/\/api.w.org\/{rel}","templated":true}]}}