{"id":4814,"date":"2017-04-03T11:18:46","date_gmt":"2017-04-03T14:18:46","guid":{"rendered":"https:\/\/blogs.correiobraziliense.com.br\/servidor\/?p=4814"},"modified":"2017-04-03T11:18:46","modified_gmt":"2017-04-03T14:18:46","slug":"policiais-federais-estado-de-greve-contra-reforma-da-previdencia","status":"publish","type":"post","link":"https:\/\/blogs.correiobraziliense.com.br\/servidor\/policiais-federais-estado-de-greve-contra-reforma-da-previdencia\/","title":{"rendered":"Policiais federais discutem estado de greve contra a reforma da Previd\u00eancia"},"content":{"rendered":"<p>O Conselho de Representantes da Federa\u00e7\u00e3o Nacional dos Policiais Federais (Fenapef), constitu\u00eddo pelos 27 Sindicatos dos Policiais Federais do Brasil, deliberou e aprovou a convoca\u00e7\u00e3o de AGEs nos Estados e DF a serem realizadas em frente as Superintend\u00eancias Regionais e em cada uma das Delegacias, para o dia 05.04.2017, \u00e0s 10h, a fim de que a categoria delibere sobre a decreta\u00e7\u00e3o de &#8220;Estado de Greve&#8221; como forma de protesto contra a PEC 287\/2016, que acaba com a Aposentadoria Policial e com a Previd\u00eancia P\u00fablica como um todo.Todos t\u00eam o dever e a obriga\u00e7\u00e3o de participar dessa Assembleia Geral, que buscar\u00e1 debater o tema no \u00e2mbito da classe e tornar p\u00fablica a contrariedade dos Policiais Federais com a totalidade da proposta.<\/p>\n","protected":false},"excerpt":{"rendered":"<p>O Conselho de Representantes da Federa\u00e7\u00e3o Nacional dos Policiais Federais (Fenapef), constitu\u00eddo pelos 27 Sindicatos dos Policiais Federais do Brasil, deliberou e aprovou a convoca\u00e7\u00e3o de AGEs nos Estados e DF a serem realizadas em frente as Superintend\u00eancias Regionais e em cada uma das Delegacias, para o dia 05.04.2017, \u00e0s 10h, a fim de que a categoria delibere sobre a [&hellip;]<\/p>\n","protected":false},"author":27,"featured_media":0,"comment_status":"open","ping_status":"closed","sticky":false,"template":"","format":"standard","meta":{"footnotes":""},"categories":[2719],"tags":[59,15,319,110,549,711],"class_list":["post-4814","post","type-post","status-publish","format-standard","hentry","category-servidor","tag-federais","tag-greve","tag-pf","tag-policiais","tag-previdencia","tag-reforma"],"_links":{"self":[{"href":"https:\/\/blogs.correiobraziliense.com.br\/servidor\/wp-json\/wp\/v2\/posts\/4814","targetHints":{"allow":["GET"]}}],"collection":[{"href":"https:\/\/blogs.correiobraziliense.com.br\/servidor\/wp-json\/wp\/v2\/posts"}],"about":[{"href":"https:\/\/blogs.correiobraziliense.com.br\/servidor\/wp-json\/wp\/v2\/types\/post"}],"author":[{"embeddable":true,"href":"https:\/\/blogs.correiobraziliense.com.br\/servidor\/wp-json\/wp\/v2\/users\/27"}],"replies":[{"embeddable":true,"href":"https:\/\/blogs.correiobraziliense.com.br\/servidor\/wp-json\/wp\/v2\/comments?post=4814"}],"version-history":[{"count":1,"href":"https:\/\/blogs.correiobraziliense.com.br\/servidor\/wp-json\/wp\/v2\/posts\/4814\/revisions"}],"predecessor-version":[{"id":4815,"href":"https:\/\/blogs.correiobraziliense.com.br\/servidor\/wp-json\/wp\/v2\/posts\/4814\/revisions\/4815"}],"wp:attachment":[{"href":"https:\/\/blogs.correiobraziliense.com.br\/servidor\/wp-json\/wp\/v2\/media?parent=4814"}],"wp:term":[{"taxonomy":"category","embeddable":true,"href":"https:\/\/blogs.correiobraziliense.com.br\/servidor\/wp-json\/wp\/v2\/categories?post=4814"},{"taxonomy":"post_tag","embeddable":true,"href":"https:\/\/blogs.correiobraziliense.com.br\/servidor\/wp-json\/wp\/v2\/tags?post=4814"}],"curies":[{"name":"wp","href":"https:\/\/api.w.org\/{rel}","templated":true}]}}