{"id":48,"date":"2015-02-04T12:12:00","date_gmt":"2015-02-04T14:12:00","guid":{"rendered":"https:\/\/blogs.correiobraziliense.com.br\/servidor\/feriados_e_pontos_facultativos_no_servico_publico_federal\/"},"modified":"2015-02-04T12:12:00","modified_gmt":"2015-02-04T14:12:00","slug":"feriados_e_pontos_facultativos_no_servico_publico_federal","status":"publish","type":"post","link":"https:\/\/blogs.correiobraziliense.com.br\/servidor\/feriados_e_pontos_facultativos_no_servico_publico_federal\/","title":{"rendered":"FERIADOS E PONTOS FACULTATIVOS NO SERVI\u00c7O P\u00daBLICO FEDERAL"},"content":{"rendered":"<p>Portaria do Mnist\u00e9iro do Plenajamento estabelece nove feriados e sete pontos facultativos em 2015. Dia do Servidor P\u00fablico cai este ano numa quarta-feira e tem o ponto facultativo postergado para a sexta-feira, dia 30  <\/p>\n<p>O Minist\u00e9rio do Planejamento divulgou hoje os feriados nacionais e os  pontos facultativos de 2015, para a administra\u00e7\u00e3o  p\u00fablica federal direta, aut\u00e1rquica e fundacional do Poder Executivo, sem  que seja prejudicada a presta\u00e7\u00e3o dos servi\u00e7os essenciais. <\/p>\n<p>  Conforme a <a href=\"http:\/\/www.planejamento.gov.br\/secretarias\/upload\/Legislacao\/Portarias\/2015\/150204_port_15_feriados_2015.pdf\">Portaria n\u00ba 15\/2015<\/a>,  de 3 de fevereiro, publicada hoje no Di\u00e1rio Oficial da Uni\u00e3o, o ano  ter\u00e1 nove feriados nacionais, e sete dias de ponto facultativo, dois  deles parciais \u2013 quarta-feira de cinzas, at\u00e9 as 14h; e v\u00e9spera de Natal,  ap\u00f3s as 14h. <\/p>\n<p>  Este ano, o dia 28 de outubro, quando \u00e9 celebrado o Dia do Servidor  P\u00fablico, cair\u00e1 numa quarta-feira. Mas o ponto facultativo foi postergado  e ser\u00e1 concedido em 30 de outubro, uma sexta-feira. Nenhum \u00f3rg\u00e3o ou  entidade da administra\u00e7\u00e3o federal poder\u00e1 antecipar ou postergar dia de  ponto facultativo em discord\u00e2ncia com a norma publicada hoje. <\/p>\n<p>  A portaria estabelece, ainda, que os feriados declarados em lei estadual  ou municipal ser\u00e3o observados pelas reparti\u00e7\u00f5es da administra\u00e7\u00e3o  federal nas respectivas localidades. Os dias de guarda dos credos e das  religi\u00f5es, n\u00e3o relacionados, poder\u00e3o ser compensados, desde que haja  pr\u00e9via autoriza\u00e7\u00e3o. <\/p>\n<p><strong><\/strong>  <strong>Confira o calend\u00e1rio:<\/strong>   <\/p>\n<p>I &#8211; 1\u00ba de janeiro, Confraterniza\u00e7\u00e3o Universal (feriado nacional); <\/p>\n<p> II &#8211; 16 de fevereiro, Carnaval (ponto facultativo); <\/p>\n<p> III &#8211; 17 de fevereiro, Carnaval (ponto facultativo); <\/p>\n<p> IV &#8211; 18 de fevereiro, Quarta-Feira de Cinzas (ponto facultativo at\u00e9 as 14 horas); <\/p>\n<p> V &#8211; 3 de abril, Sexta-Feira da Paix\u00e3o (feriado nacional); <\/p>\n<p> VI &#8211; 21 de abril, Tiradentes (feriado nacional); <\/p>\n<p> VII &#8211; 1\u00ba de maio, Dia Mundial do Trabalho (feriado nacional); <\/p>\n<p> VIII &#8211; 4 de junho, Corpus Christi (ponto facultativo); <\/p>\n<p> IX &#8211; 7 de setembro, Independ\u00eancia do Brasil (feriado nacional); <\/p>\n<p> X &#8211; 12 de outubro, Nossa Senhora Aparecida, Padroeira do Brasil (feriado nacional); <\/p>\n<p> XI &#8211; 30 de outubro, Dia do Servidor P\u00fablico &#8211; art. 236 da Lei n\u00ba 8.112, de 11 de dezembro de 1990 (ponto facultativo); <\/p>\n<p> XII &#8211; 2 de novembro, Finados (feriado nacional); <\/p>\n<p> XIII &#8211; 15 de novembro, Proclama\u00e7\u00e3o da Rep\u00fablica (feriado nacional); <\/p>\n<p> XIV &#8211; 24 de dezembro, v\u00e9spera de Natal (ponto facultativo ap\u00f3s as 14 horas); <\/p>\n<p> XV &#8211; 25 de dezembro, Natal (feriado nacional); e <\/p>\n<p> XVI &#8211; 31 de dezembro, v\u00e9spera de Ano Novo (ponto facultativo ap\u00f3s as 14 horas). <\/p>\n<p>Bras\u00edlia, 12h12min <\/p>\n","protected":false},"excerpt":{"rendered":"<p>Portaria do Mnist\u00e9iro do Plenajamento estabelece nove feriados e sete pontos facultativos em 2015. Dia do Servidor P\u00fablico cai este ano numa quarta-feira e tem o ponto facultativo postergado para a sexta-feira, dia 30 O Minist\u00e9rio do Planejamento divulgou hoje os feriados nacionais e os pontos facultativos de 2015, para a administra\u00e7\u00e3o p\u00fablica federal direta, aut\u00e1rquica e fundacional do Poder [&hellip;]<\/p>\n","protected":false},"author":27,"featured_media":0,"comment_status":"open","ping_status":"open","sticky":false,"template":"","format":"standard","meta":{"footnotes":""},"categories":[1],"tags":[],"class_list":["post-48","post","type-post","status-publish","format-standard","hentry","category-sem-categoria"],"_links":{"self":[{"href":"https:\/\/blogs.correiobraziliense.com.br\/servidor\/wp-json\/wp\/v2\/posts\/48","targetHints":{"allow":["GET"]}}],"collection":[{"href":"https:\/\/blogs.correiobraziliense.com.br\/servidor\/wp-json\/wp\/v2\/posts"}],"about":[{"href":"https:\/\/blogs.correiobraziliense.com.br\/servidor\/wp-json\/wp\/v2\/types\/post"}],"author":[{"embeddable":true,"href":"https:\/\/blogs.correiobraziliense.com.br\/servidor\/wp-json\/wp\/v2\/users\/27"}],"replies":[{"embeddable":true,"href":"https:\/\/blogs.correiobraziliense.com.br\/servidor\/wp-json\/wp\/v2\/comments?post=48"}],"version-history":[{"count":0,"href":"https:\/\/blogs.correiobraziliense.com.br\/servidor\/wp-json\/wp\/v2\/posts\/48\/revisions"}],"wp:attachment":[{"href":"https:\/\/blogs.correiobraziliense.com.br\/servidor\/wp-json\/wp\/v2\/media?parent=48"}],"wp:term":[{"taxonomy":"category","embeddable":true,"href":"https:\/\/blogs.correiobraziliense.com.br\/servidor\/wp-json\/wp\/v2\/categories?post=48"},{"taxonomy":"post_tag","embeddable":true,"href":"https:\/\/blogs.correiobraziliense.com.br\/servidor\/wp-json\/wp\/v2\/tags?post=48"}],"curies":[{"name":"wp","href":"https:\/\/api.w.org\/{rel}","templated":true}]}}