{"id":4781,"date":"2017-03-30T12:23:24","date_gmt":"2017-03-30T15:23:24","guid":{"rendered":"https:\/\/blogs.correiobraziliense.com.br\/servidor\/?p=4781"},"modified":"2017-03-30T12:23:24","modified_gmt":"2017-03-30T15:23:24","slug":"gdf-rollemberg-se-reune-com-professores","status":"publish","type":"post","link":"https:\/\/blogs.correiobraziliense.com.br\/servidor\/gdf-rollemberg-se-reune-com-professores\/","title":{"rendered":"GDF &#8211; Rollemberg se re\u00fane com professores"},"content":{"rendered":"<p>O governador Rodrigo Rollemberg se re\u00fane, nesta quinta-feira (30), \u00e0s 14h30, com representantes do Sindicato dos Professores no Distrito Federal (Sinpro-DF). A reuni\u00e3o acontecer\u00e1 no Sal\u00e3o Nobre do Pal\u00e1cio do Buriti e ser\u00e1 aberta para imagem.<\/p>\n<p><strong>Servi\u00e7o<\/strong>: <u>Reuni\u00e3o com representantes do Sindicato dos Professores no Distrito Federal (Sinpro-DF)<\/u><\/p>\n<p><strong>Hor\u00e1rio: <\/strong>14h30<\/p>\n<p><strong>Local: <\/strong>Sal\u00e3o Nobre, Pal\u00e1cio do Buriti<\/p>\n","protected":false},"excerpt":{"rendered":"<p>O governador Rodrigo Rollemberg se re\u00fane, nesta quinta-feira (30), \u00e0s 14h30, com representantes do Sindicato dos Professores no Distrito Federal (Sinpro-DF). A reuni\u00e3o acontecer\u00e1 no Sal\u00e3o Nobre do Pal\u00e1cio do Buriti e ser\u00e1 aberta para imagem. Servi\u00e7o: Reuni\u00e3o com representantes do Sindicato dos Professores no Distrito Federal (Sinpro-DF) Hor\u00e1rio: 14h30 Local: Sal\u00e3o Nobre, Pal\u00e1cio do Buriti<\/p>\n","protected":false},"author":27,"featured_media":0,"comment_status":"open","ping_status":"closed","sticky":false,"template":"","format":"standard","meta":{"footnotes":""},"categories":[2719],"tags":[2692,5643,2976,3066,5642],"class_list":["post-4781","post","type-post","status-publish","format-standard","hentry","category-servidor","tag-gdf","tag-palacio-buriti","tag-professores","tag-rollemberg","tag-sinpro-df"],"_links":{"self":[{"href":"https:\/\/blogs.correiobraziliense.com.br\/servidor\/wp-json\/wp\/v2\/posts\/4781","targetHints":{"allow":["GET"]}}],"collection":[{"href":"https:\/\/blogs.correiobraziliense.com.br\/servidor\/wp-json\/wp\/v2\/posts"}],"about":[{"href":"https:\/\/blogs.correiobraziliense.com.br\/servidor\/wp-json\/wp\/v2\/types\/post"}],"author":[{"embeddable":true,"href":"https:\/\/blogs.correiobraziliense.com.br\/servidor\/wp-json\/wp\/v2\/users\/27"}],"replies":[{"embeddable":true,"href":"https:\/\/blogs.correiobraziliense.com.br\/servidor\/wp-json\/wp\/v2\/comments?post=4781"}],"version-history":[{"count":1,"href":"https:\/\/blogs.correiobraziliense.com.br\/servidor\/wp-json\/wp\/v2\/posts\/4781\/revisions"}],"predecessor-version":[{"id":4782,"href":"https:\/\/blogs.correiobraziliense.com.br\/servidor\/wp-json\/wp\/v2\/posts\/4781\/revisions\/4782"}],"wp:attachment":[{"href":"https:\/\/blogs.correiobraziliense.com.br\/servidor\/wp-json\/wp\/v2\/media?parent=4781"}],"wp:term":[{"taxonomy":"category","embeddable":true,"href":"https:\/\/blogs.correiobraziliense.com.br\/servidor\/wp-json\/wp\/v2\/categories?post=4781"},{"taxonomy":"post_tag","embeddable":true,"href":"https:\/\/blogs.correiobraziliense.com.br\/servidor\/wp-json\/wp\/v2\/tags?post=4781"}],"curies":[{"name":"wp","href":"https:\/\/api.w.org\/{rel}","templated":true}]}}