{"id":4755,"date":"2017-03-28T16:18:51","date_gmt":"2017-03-28T19:18:51","guid":{"rendered":"https:\/\/blogs.correiobraziliense.com.br\/servidor\/?p=4755"},"modified":"2017-03-28T16:18:51","modified_gmt":"2017-03-28T19:18:51","slug":"trt10-ato-publico-pela-valorizacao-da-justica-do-trabalho-no-dia-31-de-marco","status":"publish","type":"post","link":"https:\/\/blogs.correiobraziliense.com.br\/servidor\/trt10-ato-publico-pela-valorizacao-da-justica-do-trabalho-no-dia-31-de-marco\/","title":{"rendered":"TRT10 &#8211; Ato p\u00fablico pela valoriza\u00e7\u00e3o da Justi\u00e7a do Trabalho no dia 31 de mar\u00e7o"},"content":{"rendered":"<div>O Tribunal Regional do Trabalho da 10\u00aa Regi\u00e3o (TRT10) \u2013 com jurisdi\u00e7\u00e3o sobre os estados do Distrito Federal e do Tocantins \u2013, na pr\u00f3xima sexta-feira (31), \u00e0s 12 horas, far\u00e1 um ato p\u00fablico pela valoriza\u00e7\u00e3o da Justi\u00e7a do Trabalho no Brasil, segmento que mais sofreu com os cortes do or\u00e7amento de 2016. A mobiliza\u00e7\u00e3o vai reunir magistrados, servidores, advogados trabalhistas e membros do Minist\u00e9rio P\u00fablico do Trabalho em frente ao edif\u00edcio do Foro Trabalhista de Bras\u00edlia, na 513 Norte (W3).<\/div>\n<div><\/div>\n<div>Al\u00e9m da D\u00e9cima Regi\u00e3o, o ato tamb\u00e9m deve ocorrer nos demais Tribunais Regionais do Trabalho do pa\u00eds, em seus respectivos estados. O evento marca o lan\u00e7amento de uma campanha nacional promovida pelo Col\u00e9gio de Presidentes e Corregedores dos TRTs, que tem como objetivo mostrar que os direitos de empregados e empregadores s\u00f3 est\u00e3o garantidos com uma Justi\u00e7a do Trabalho forte e atuante.<\/div>\n<div><\/div>\n<div><b>Servi\u00e7o:<\/b><\/div>\n<div>Ato p\u00fablico pela valoriza\u00e7\u00e3o da Justi\u00e7a do Trabalho<\/div>\n<div>Data: 31 de mar\u00e7o, \u00e0s 12h<\/div>\n<div>Local: Foro Trabalhista de Bras\u00edlia, na 513 Norte (W3)<\/div>\n","protected":false},"excerpt":{"rendered":"<p>O Tribunal Regional do Trabalho da 10\u00aa Regi\u00e3o (TRT10) \u2013 com jurisdi\u00e7\u00e3o sobre os estados do Distrito Federal e do Tocantins \u2013, na pr\u00f3xima sexta-feira (31), \u00e0s 12 horas, far\u00e1 um ato p\u00fablico pela valoriza\u00e7\u00e3o da Justi\u00e7a do Trabalho no Brasil, segmento que mais sofreu com os cortes do or\u00e7amento de 2016. A mobiliza\u00e7\u00e3o vai reunir magistrados, servidores, advogados trabalhistas [&hellip;]<\/p>\n","protected":false},"author":27,"featured_media":0,"comment_status":"open","ping_status":"closed","sticky":false,"template":"","format":"standard","meta":{"footnotes":""},"categories":[2719],"tags":[21,305,619,2745,891,943,697,70,241,5347,524],"class_list":["post-4755","post","type-post","status-publish","format-standard","hentry","category-servidor","tag-ato","tag-campanha","tag-direitos","tag-empregadores","tag-empregados","tag-estados","tag-justica-do-trabalho","tag-nacional","tag-publico","tag-trt10","tag-valorizacao"],"_links":{"self":[{"href":"https:\/\/blogs.correiobraziliense.com.br\/servidor\/wp-json\/wp\/v2\/posts\/4755","targetHints":{"allow":["GET"]}}],"collection":[{"href":"https:\/\/blogs.correiobraziliense.com.br\/servidor\/wp-json\/wp\/v2\/posts"}],"about":[{"href":"https:\/\/blogs.correiobraziliense.com.br\/servidor\/wp-json\/wp\/v2\/types\/post"}],"author":[{"embeddable":true,"href":"https:\/\/blogs.correiobraziliense.com.br\/servidor\/wp-json\/wp\/v2\/users\/27"}],"replies":[{"embeddable":true,"href":"https:\/\/blogs.correiobraziliense.com.br\/servidor\/wp-json\/wp\/v2\/comments?post=4755"}],"version-history":[{"count":1,"href":"https:\/\/blogs.correiobraziliense.com.br\/servidor\/wp-json\/wp\/v2\/posts\/4755\/revisions"}],"predecessor-version":[{"id":4756,"href":"https:\/\/blogs.correiobraziliense.com.br\/servidor\/wp-json\/wp\/v2\/posts\/4755\/revisions\/4756"}],"wp:attachment":[{"href":"https:\/\/blogs.correiobraziliense.com.br\/servidor\/wp-json\/wp\/v2\/media?parent=4755"}],"wp:term":[{"taxonomy":"category","embeddable":true,"href":"https:\/\/blogs.correiobraziliense.com.br\/servidor\/wp-json\/wp\/v2\/categories?post=4755"},{"taxonomy":"post_tag","embeddable":true,"href":"https:\/\/blogs.correiobraziliense.com.br\/servidor\/wp-json\/wp\/v2\/tags?post=4755"}],"curies":[{"name":"wp","href":"https:\/\/api.w.org\/{rel}","templated":true}]}}