{"id":4746,"date":"2017-03-27T19:06:33","date_gmt":"2017-03-27T22:06:33","guid":{"rendered":"https:\/\/blogs.correiobraziliense.com.br\/servidor\/?p=4746"},"modified":"2017-03-27T19:06:33","modified_gmt":"2017-03-27T22:06:33","slug":"nota-oficial-das-centrais-sindicais","status":"publish","type":"post","link":"https:\/\/blogs.correiobraziliense.com.br\/servidor\/nota-oficial-das-centrais-sindicais\/","title":{"rendered":"Nota oficial das centrais sindicais"},"content":{"rendered":"<p><i>Reunidos na tarde desta segunda-feira (27), na sede nacional da Uni\u00e3o Geral dos Trabalhadores (UGT), em S\u00e3o Paulo, os presidentes das centrais sindicais, dirigentes sindicais analisaram a grave situa\u00e7\u00e3o pol\u00edtica, social e econ\u00f4mica que o pa\u00eds atravessa e decidiram que:<\/i><\/p>\n<div><b>Dia 28 de abril: Vamos parar o Brasil<\/b><\/p>\n<p>As centrais sindicais conclamam seus sindicatos filiados para, no dia 28, convocar os trabalhadores a paralisarem suas atividades, como alerta ao governo de que a sociedade e a classe trabalhadora n\u00e3o aceitar\u00e3o as propostas de reformas da Previd\u00eancia, Trabalhista e o projeto de Terceiriza\u00e7\u00e3o aprovado pela C\u00e2mara, que o governo Temer quer impor ao Pa\u00eds.<\/p>\n<p>Em nossa opini\u00e3o, trata-se do desmonte da Previd\u00eancia P\u00fablica e da retirada dos direitos trabalhistas garantidos pela CLT.<\/p>\n<p>Por isso, conclamamos todos, neste dia, a demonstrarem o seu descontentamento, ajudando a paralisar o Brasil.\n<\/p><\/div>\n<div><i>S\u00e3o Paulo, 27 de mar\u00e7o de 2017<\/i><\/div>\n<div>\n<i><b>Adilson Ara\u00fajo<br \/>\nPresidente da CTB<\/p>\n<p>Antonio Neto<br \/>\nPresidente da CSB<\/p>\n<p>Jos\u00e9 Calixto Ramos<br \/>\nPresidente da Nova Central<\/p>\n<p>Paulo Pereira da Silva (Paulinho)<br \/>\nPresidente da For\u00e7a Sindical<\/p>\n<p>Ricardo Patah<br \/>\nPresidente da UGT<\/p>\n<p>Vagner Freitas<br \/>\nPresidente da CUT<\/p>\n<p>Edson Carneiro (\u00cdndio)<br \/>\nSecret\u00e1rio Geral Intersindical<\/p>\n<p>Luiz Carlos Prates (Mancha)<br \/>\nSecretaria Nacional da CSP-Conlutas<\/p>\n<p>Ubiraci Dantas de Oliveira (Bira)<br \/>\nPresidente da CGTB<\/b><\/i><\/div>\n","protected":false},"excerpt":{"rendered":"<p>Reunidos na tarde desta segunda-feira (27), na sede nacional da Uni\u00e3o Geral dos Trabalhadores (UGT), em S\u00e3o Paulo, os presidentes das centrais sindicais, dirigentes sindicais analisaram a grave situa\u00e7\u00e3o pol\u00edtica, social e econ\u00f4mica que o pa\u00eds atravessa e decidiram que: Dia 28 de abril: Vamos parar o Brasil As centrais sindicais conclamam seus sindicatos filiados para, no dia 28, convocar [&hellip;]<\/p>\n","protected":false},"author":27,"featured_media":0,"comment_status":"open","ping_status":"closed","sticky":false,"template":"","format":"standard","meta":{"footnotes":""},"categories":[2719],"tags":[164,61,1259,2272,2474,37,94,198,1888,1415,549,1893,1260,546,2103,1251,2157],"class_list":["post-4746","post","type-post","status-publish","format-standard","hentry","category-servidor","tag-brasil","tag-camara","tag-centrais","tag-clt","tag-michel-temer","tag-nota","tag-oficial","tag-pais","tag-parar","tag-politica","tag-previdencia","tag-reformas","tag-sindicais","tag-situacao","tag-social","tag-terceirizacao","tag-trabalhista"],"_links":{"self":[{"href":"https:\/\/blogs.correiobraziliense.com.br\/servidor\/wp-json\/wp\/v2\/posts\/4746","targetHints":{"allow":["GET"]}}],"collection":[{"href":"https:\/\/blogs.correiobraziliense.com.br\/servidor\/wp-json\/wp\/v2\/posts"}],"about":[{"href":"https:\/\/blogs.correiobraziliense.com.br\/servidor\/wp-json\/wp\/v2\/types\/post"}],"author":[{"embeddable":true,"href":"https:\/\/blogs.correiobraziliense.com.br\/servidor\/wp-json\/wp\/v2\/users\/27"}],"replies":[{"embeddable":true,"href":"https:\/\/blogs.correiobraziliense.com.br\/servidor\/wp-json\/wp\/v2\/comments?post=4746"}],"version-history":[{"count":1,"href":"https:\/\/blogs.correiobraziliense.com.br\/servidor\/wp-json\/wp\/v2\/posts\/4746\/revisions"}],"predecessor-version":[{"id":4747,"href":"https:\/\/blogs.correiobraziliense.com.br\/servidor\/wp-json\/wp\/v2\/posts\/4746\/revisions\/4747"}],"wp:attachment":[{"href":"https:\/\/blogs.correiobraziliense.com.br\/servidor\/wp-json\/wp\/v2\/media?parent=4746"}],"wp:term":[{"taxonomy":"category","embeddable":true,"href":"https:\/\/blogs.correiobraziliense.com.br\/servidor\/wp-json\/wp\/v2\/categories?post=4746"},{"taxonomy":"post_tag","embeddable":true,"href":"https:\/\/blogs.correiobraziliense.com.br\/servidor\/wp-json\/wp\/v2\/tags?post=4746"}],"curies":[{"name":"wp","href":"https:\/\/api.w.org\/{rel}","templated":true}]}}