{"id":4732,"date":"2017-03-24T15:20:20","date_gmt":"2017-03-24T18:20:20","guid":{"rendered":"https:\/\/blogs.correiobraziliense.com.br\/servidor\/?p=4732"},"modified":"2017-03-24T15:20:20","modified_gmt":"2017-03-24T18:20:20","slug":"empenho-para-evitar-aumento-de-impostos","status":"publish","type":"post","link":"https:\/\/blogs.correiobraziliense.com.br\/servidor\/empenho-para-evitar-aumento-de-impostos\/","title":{"rendered":"Empenho para evitar aumento de impostos"},"content":{"rendered":"<p><em>Fontes do governo consideram certo o aumento de PIS-Cofins sobre os combust\u00edveis e do Imposto sobre Opera\u00e7\u00e3o Financeira (IOF) sobre as transa\u00e7\u00f5es cambiais.<\/em><\/p>\n<p><strong>ROSANA HESSEL<\/strong><\/p>\n<p>Um dia ap\u00f3s anunciar um rombo de R$ 58,2 bilh\u00f5es para cumprir a meta fiscal prevista na Lei de Diretrizes Or\u00e7ament\u00e1rias (LDO), o ministro da Fazenda, Henrique Meirelles, afirmou ontem que o governo vai se empenhar para evitar o aumento de impostos. A LDO prev\u00ea deficit de at\u00e9 R$ 139 bilh\u00f5es nas contas do governo central \u2014 que inclui Tesouro Nacional, Previd\u00eancia Social e Banco Central) neste ano.<\/p>\n<p>\u201cEstamos fazendo o m\u00e1ximo poss\u00edvel para evitar (aumento de imposto), por isso n\u00e3o anunciamos precipitadamente. Essa defini\u00e7\u00e3o visa dar maior certeza a todos de que a meta (fiscal) ser\u00e1 cumprida\u201d, disse ele, ap\u00f3s evento no Pal\u00e1cio do Planalto. Segundo o ministro, o valor do corte no Or\u00e7amento e o poss\u00edvel aumento de tributos ser\u00e3o definidos at\u00e9 quarta-feira, 29, e o an\u00fancio do detalhamento para os \u00f3rg\u00e3os efetuem os respectivos ajustes ser\u00e1 feito um dia antes.<\/p>\n<p>O ministro informou que existe \u201cuma s\u00e9rie importante de hip\u00f3teses\u201d que est\u00e3o sendo levadas em conta, como a arrecada\u00e7\u00e3o da segunda rodada de repatria\u00e7\u00e3o e o programa de regulariza\u00e7\u00e3o tribut\u00e1ria, o novo Refis. Meirelles ressaltou que a decis\u00e3o do Supremo Tribunal Federal (STF), favor\u00e1vel ao governo sobre a devolu\u00e7\u00e3o da concess\u00e3o da Cemig, assim como outros dois processos de hidrel\u00e9tricas que est\u00e3o na Justi\u00e7a, garantir\u00e3o receitas extraordin\u00e1rias neste ano. A expectativa \u00e9 de que com esses casos R$ 10 bilh\u00f5es entrem nos cofres da Uni\u00e3o.<\/p>\n<p>Fontes do governo consideram certo o aumento de PIS-Cofins sobre os combust\u00edveis e do Imposto sobre Opera\u00e7\u00e3o Financeira (IOF) sobre as transa\u00e7\u00f5es cambiais. Al\u00e9m disso, est\u00e1 prevista a reonera\u00e7\u00e3o da folha de pagamentos para reduzir o tamanho do corte. Na avalia\u00e7\u00e3o do economista Br\u00e1ulio Borges, da LCA Consultores, o aumento de imposto \u00e9 inevit\u00e1vel porque o governo n\u00e3o tem muito espa\u00e7o no Or\u00e7amento para cortar. \u201cAs despesas contingenci\u00e1veis somam R$ 120 bilh\u00f5es, dos quais R$ 36 bilh\u00f5es s\u00e3o investimentos. Mesmo se cortasse toda essa rubrica, n\u00e3o seria suficiente para cobrir o rombo de R$ 58,2 bilh\u00f5es\u201d, afirmou.<\/p>\n<p>Pelas contas de Borges, se o governo elevar as al\u00edquotas de PIS-Cofins e de Cide sobre os combust\u00edveis para o teto m\u00e1ximo permitido, seria poss\u00edvel que a Uni\u00e3o arrecadasse R$ 60 bilh\u00f5es a mais por ano. \u201cEssa medida, entretanto, teria um efeito inflacion\u00e1rio que pode atrapalhar o ciclo de redu\u00e7\u00e3o da taxa de juros\u201d, destacou ele, lembrando que h\u00e1 espa\u00e7o para a Petrobras reduzir pre\u00e7o da gasolina e do diesel no mercado interno para compensar essa tributa\u00e7\u00e3o maior.<\/p>\n","protected":false},"excerpt":{"rendered":"<p>Fontes do governo consideram certo o aumento de PIS-Cofins sobre os combust\u00edveis e do Imposto sobre Opera\u00e7\u00e3o Financeira (IOF) sobre as transa\u00e7\u00f5es cambiais. ROSANA HESSEL Um dia ap\u00f3s anunciar um rombo de R$ 58,2 bilh\u00f5es para cumprir a meta fiscal prevista na Lei de Diretrizes Or\u00e7ament\u00e1rias (LDO), o ministro da Fazenda, Henrique Meirelles, afirmou ontem que o governo vai se [&hellip;]<\/p>\n","protected":false},"author":27,"featured_media":0,"comment_status":"open","ping_status":"closed","sticky":false,"template":"","format":"standard","meta":{"footnotes":""},"categories":[2719],"tags":[75,1236,5594,5590,2877,3117,2770,5592,637,5591,1603,593,5593],"class_list":["post-4732","post","type-post","status-publish","format-standard","hentry","category-servidor","tag-aumento","tag-banco-central","tag-cambiais","tag-empenho","tag-evitar","tag-henrique-meirelles","tag-impostos","tag-iof","tag-ldo","tag-pis-cofins","tag-previdencia-social","tag-tesouro-nacional","tag-transacoes"],"_links":{"self":[{"href":"https:\/\/blogs.correiobraziliense.com.br\/servidor\/wp-json\/wp\/v2\/posts\/4732","targetHints":{"allow":["GET"]}}],"collection":[{"href":"https:\/\/blogs.correiobraziliense.com.br\/servidor\/wp-json\/wp\/v2\/posts"}],"about":[{"href":"https:\/\/blogs.correiobraziliense.com.br\/servidor\/wp-json\/wp\/v2\/types\/post"}],"author":[{"embeddable":true,"href":"https:\/\/blogs.correiobraziliense.com.br\/servidor\/wp-json\/wp\/v2\/users\/27"}],"replies":[{"embeddable":true,"href":"https:\/\/blogs.correiobraziliense.com.br\/servidor\/wp-json\/wp\/v2\/comments?post=4732"}],"version-history":[{"count":1,"href":"https:\/\/blogs.correiobraziliense.com.br\/servidor\/wp-json\/wp\/v2\/posts\/4732\/revisions"}],"predecessor-version":[{"id":4733,"href":"https:\/\/blogs.correiobraziliense.com.br\/servidor\/wp-json\/wp\/v2\/posts\/4732\/revisions\/4733"}],"wp:attachment":[{"href":"https:\/\/blogs.correiobraziliense.com.br\/servidor\/wp-json\/wp\/v2\/media?parent=4732"}],"wp:term":[{"taxonomy":"category","embeddable":true,"href":"https:\/\/blogs.correiobraziliense.com.br\/servidor\/wp-json\/wp\/v2\/categories?post=4732"},{"taxonomy":"post_tag","embeddable":true,"href":"https:\/\/blogs.correiobraziliense.com.br\/servidor\/wp-json\/wp\/v2\/tags?post=4732"}],"curies":[{"name":"wp","href":"https:\/\/api.w.org\/{rel}","templated":true}]}}