{"id":4719,"date":"2017-03-23T17:15:21","date_gmt":"2017-03-23T20:15:21","guid":{"rendered":"https:\/\/blogs.correiobraziliense.com.br\/servidor\/?p=4719"},"modified":"2017-03-23T17:15:21","modified_gmt":"2017-03-23T20:15:21","slug":"magistrado-que-atua-em-delacao-premiada-pode-julgar-acao-penal","status":"publish","type":"post","link":"https:\/\/blogs.correiobraziliense.com.br\/servidor\/magistrado-que-atua-em-delacao-premiada-pode-julgar-acao-penal\/","title":{"rendered":"Magistrado que atua em dela\u00e7\u00e3o premiada pode julgar a\u00e7\u00e3o penal"},"content":{"rendered":"<p><em>Mas criminalistas acham que isso deveria mudar, alterando-se a legisla\u00e7\u00e3o<\/em><\/p>\n<p>O juiz que homologa o acordo de dela\u00e7\u00e3o premiada e toma os respectivos depoimentos n\u00e3o est\u00e1 impedido de processar e julgar a a\u00e7\u00e3o penal contra pessoa mencionada na dela\u00e7\u00e3o. Este \u00e9 o entendimento recente da Quinta Turma do Superior Tribunal de Justi\u00e7a (STJ). Segundo os ministros, o que torna o magistrado impedido \u00e9 a participa\u00e7\u00e3o dele na negocia\u00e7\u00e3o do conte\u00fado da dela\u00e7\u00e3o.<\/p>\n<p>Para Adib Abdouni, advogado constitucionalista e criminalista, o figurino do impedimento \u2013 observadas as hip\u00f3teses previstas no artigo 252 do C\u00f3digo de Processo Penal (CPP) \u2013 n\u00e3o se aplica ao magistrado que homologou a dela\u00e7\u00e3o premiada. \u201cN\u00e3o h\u00e1, portanto, obst\u00e1culo jur\u00eddico que o impe\u00e7a de julgar o colaborador, haja vista que ausente \u2013 naquele ato judicial antecedente \u2013 a emiss\u00e3o de ju\u00edzo de valor sobre o seu conte\u00fado, posto que limitado apenas \u00e0 an\u00e1lise da presen\u00e7a dos requisitos legais de sua validade (regularidade, legalidade e voluntariedade)\u201d, explica.<\/p>\n<p>Opini\u00e3o semelhante tem a criminalista Concei\u00e7\u00e3o Giori, s\u00f3cia do Oliveira Campos &amp; Giori Advogados. Segundo ela, embora o sistema processual atual n\u00e3o preveja impedimento nesses casos, deveria haver. \u201cMas para isso precisar\u00edamos alterar as regras vigentes.\u00a0A quest\u00e3o \u00e9 a mesma do magistrado que defere busca e apreens\u00e3o na investiga\u00e7\u00e3o e depois recebe a den\u00fancia e condena o r\u00e9u. Ser\u00e1 que esse magistrado teria isen\u00e7\u00e3o para anular sua pr\u00f3pria medida?\u201d, indaga.<\/p>\n<p>O criminalista Daniel Bialski, s\u00f3cio do Bialski Advogados Associados, compartilha da mesma opini\u00e3o. \u201cA legisla\u00e7\u00e3o atual n\u00e3o contempla o impedimento de atua\u00e7\u00e3o em casos como esse, mas deveria. E anteprojetos de reforma ampliam essa situa\u00e7\u00e3o, inclusive proibindo que o juiz da fase pr\u00e9-processual \u00a0\u2014 que defere dilig\u00eancias, buscas, intercepta\u00e7\u00e3o, pris\u00e3o tempor\u00e1ria \u2014 \u00a0seja o mesmo juiz a julgar a causa. A atua\u00e7\u00e3o \u00e9 repartida, passando a avalia\u00e7\u00e3o do m\u00e9rito para um juiz instrutor que prosseguir\u00e1 na a\u00e7\u00e3o penal e no julgamento de 1\u00ba grau. Indiscutivelmente, n\u00e3o se pode garantir que o juiz que defere procedimentos iniciais e, ainda, \u00a0defere uma dela\u00e7\u00e3o tenha a mesma imparcialidade de um juiz que sob o crivo do contradit\u00f3rio ir\u00e1 \u2014 com isen\u00e7\u00e3o \u2014 julgar a causa\u201d, comenta.<\/p>\n<p>Daniel Gerber, criminalista, s\u00f3cio do escrit\u00f3rio Daniel Gerber Advocacia Penal, afirma que, a seu ver, o juiz da causa n\u00e3o pode participar da forma\u00e7\u00e3o da prova em sede inquisitorial. \u201cPode valid\u00e1-la, e at\u00e9 mesmo valor\u00e1-la superficialmente em situa\u00e7\u00f5es que exigem a ado\u00e7\u00e3o de medidas cautelares. Mas participar da colheita do material probat\u00f3rio sem as garantias do contradit\u00f3rio e ampla defesa \u00e9 atividade exclusiva daquele que acusa, e n\u00e3o daquele que julga, sob pena de evidente contamina\u00e7\u00e3o com o material coletado&#8221;, conclui.<\/p>\n","protected":false},"excerpt":{"rendered":"<p>Mas criminalistas acham que isso deveria mudar, alterando-se a legisla\u00e7\u00e3o O juiz que homologa o acordo de dela\u00e7\u00e3o premiada e toma os respectivos depoimentos n\u00e3o est\u00e1 impedido de processar e julgar a a\u00e7\u00e3o penal contra pessoa mencionada na dela\u00e7\u00e3o. Este \u00e9 o entendimento recente da Quinta Turma do Superior Tribunal de Justi\u00e7a (STJ). Segundo os ministros, o que torna o [&hellip;]<\/p>\n","protected":false},"author":27,"featured_media":0,"comment_status":"open","ping_status":"closed","sticky":false,"template":"","format":"standard","meta":{"footnotes":""},"categories":[2719],"tags":[176,5568,5109,1027,5566,429,264,2092,2075,42,4266,5110,5567,1040],"class_list":["post-4719","post","type-post","status-publish","format-standard","hentry","category-servidor","tag-acao","tag-cpp","tag-delacao","tag-depoimentos","tag-impedido","tag-juiz","tag-julgar","tag-legislacao","tag-magistrado","tag-negociacao","tag-penal","tag-premiada","tag-processar","tag-stj"],"_links":{"self":[{"href":"https:\/\/blogs.correiobraziliense.com.br\/servidor\/wp-json\/wp\/v2\/posts\/4719","targetHints":{"allow":["GET"]}}],"collection":[{"href":"https:\/\/blogs.correiobraziliense.com.br\/servidor\/wp-json\/wp\/v2\/posts"}],"about":[{"href":"https:\/\/blogs.correiobraziliense.com.br\/servidor\/wp-json\/wp\/v2\/types\/post"}],"author":[{"embeddable":true,"href":"https:\/\/blogs.correiobraziliense.com.br\/servidor\/wp-json\/wp\/v2\/users\/27"}],"replies":[{"embeddable":true,"href":"https:\/\/blogs.correiobraziliense.com.br\/servidor\/wp-json\/wp\/v2\/comments?post=4719"}],"version-history":[{"count":1,"href":"https:\/\/blogs.correiobraziliense.com.br\/servidor\/wp-json\/wp\/v2\/posts\/4719\/revisions"}],"predecessor-version":[{"id":4720,"href":"https:\/\/blogs.correiobraziliense.com.br\/servidor\/wp-json\/wp\/v2\/posts\/4719\/revisions\/4720"}],"wp:attachment":[{"href":"https:\/\/blogs.correiobraziliense.com.br\/servidor\/wp-json\/wp\/v2\/media?parent=4719"}],"wp:term":[{"taxonomy":"category","embeddable":true,"href":"https:\/\/blogs.correiobraziliense.com.br\/servidor\/wp-json\/wp\/v2\/categories?post=4719"},{"taxonomy":"post_tag","embeddable":true,"href":"https:\/\/blogs.correiobraziliense.com.br\/servidor\/wp-json\/wp\/v2\/tags?post=4719"}],"curies":[{"name":"wp","href":"https:\/\/api.w.org\/{rel}","templated":true}]}}