{"id":4706,"date":"2017-03-23T11:27:11","date_gmt":"2017-03-23T14:27:11","guid":{"rendered":"https:\/\/blogs.correiobraziliense.com.br\/servidor\/?p=4706"},"modified":"2017-03-23T11:27:11","modified_gmt":"2017-03-23T14:27:11","slug":"ajuste-estadual-mais-dificil","status":"publish","type":"post","link":"https:\/\/blogs.correiobraziliense.com.br\/servidor\/ajuste-estadual-mais-dificil\/","title":{"rendered":"Ajuste estadual mais dif\u00edcil"},"content":{"rendered":"<p><strong>PAULO DE TARSO LYRA<\/strong><\/p>\n<p>A decis\u00e3o do Planalto de restringir a reforma da Previd\u00eancia aos servidores p\u00fablicos federais poder\u00e1 complicar a vida do governo na renegocia\u00e7\u00e3o da d\u00edvida dos estados. Governadores e senadores poder\u00e3o se unir para tentar regras menos draconianas de contrapartida de ajuste fiscal. \u201cO Senado \u00e9 a casa da Federa\u00e7\u00e3o, \u00e9 aqui que esse debate precisa ser feito\u201d, defendeu um peemedebista.<\/p>\n<p>O argumento \u00e9 que, se a equipe econ\u00f4mica reconheceu que governadores e prefeitos t\u00eam autonomia para fazer a pr\u00f3pria reforma da Previd\u00eancia, tamb\u00e9m precisam de liberdade para definir o tamanho do ajuste fiscal que podem fazer. Com isso, podem renascer as cr\u00edticas feitas por caciques peemedebistas, como o l\u00edder do partido na Casa, Renan Calheiros (PMDB-AL), que j\u00e1 atacou a renegocia\u00e7\u00e3o das d\u00edvidas e a reforma da Previd\u00eancia.<\/p>\n<p>Um especialista em or\u00e7amento disse que a decis\u00e3o do governo federal n\u00e3o d\u00e1 garantias de aprova\u00e7\u00e3o da reforma e ainda complica a pr\u00f3pria vida no futuro. \u201cA situa\u00e7\u00e3o das previd\u00eancias estaduais s\u00e3o at\u00e9 piores do que a da Uni\u00e3o. E todos sabem que, quando governadores e prefeitos ficam sem recursos, batem na porta do governo federal pedindo socorro\u201d.<\/p>\n<p>O deputado Jos\u00e9 Carlos Aleluia (DEM-BA) discorda da press\u00e3o. \u201cPelo contr\u00e1rio. Agora sim, os governadores ter\u00e3o de fazer a pr\u00f3pria reforma. Se eles n\u00e3o fizerem, sinalizar\u00e3o que est\u00e3o com as contas em dia e n\u00e3o precisar\u00e3o de ajuda\u201d, disse ele.<\/p>\n<p>Aliados do presidente ligados \u00e0 equipe econ\u00f4mica tamb\u00e9m afirmam que o governo n\u00e3o vai ceder nas contrapartidas. Lembram que os governadores j\u00e1 tentaram isso duas vezes, sem \u00eaxito. Na primeira, quiseram deixar de fora do projeto o pagamento das folhas de pessoal. A mat\u00e9ria n\u00e3o andou. Em dezembro, a C\u00e2mara chegou a aprovar o texto sem contrapartida. Temer vetou.<\/p>\n","protected":false},"excerpt":{"rendered":"<p>PAULO DE TARSO LYRA A decis\u00e3o do Planalto de restringir a reforma da Previd\u00eancia aos servidores p\u00fablicos federais poder\u00e1 complicar a vida do governo na renegocia\u00e7\u00e3o da d\u00edvida dos estados. Governadores e senadores poder\u00e3o se unir para tentar regras menos draconianas de contrapartida de ajuste fiscal. \u201cO Senado \u00e9 a casa da Federa\u00e7\u00e3o, \u00e9 aqui que esse debate precisa ser [&hellip;]<\/p>\n","protected":false},"author":27,"featured_media":0,"comment_status":"open","ping_status":"closed","sticky":false,"template":"","format":"standard","meta":{"footnotes":""},"categories":[2719],"tags":[78,1308,2597,3305,59,2211,549,1246,696,58],"class_list":["post-4706","post","type-post","status-publish","format-standard","hentry","category-servidor","tag-ajuste","tag-autonomia","tag-dificil","tag-estadual","tag-federais","tag-planalto","tag-previdencia","tag-renegociacao","tag-senado","tag-servidores"],"_links":{"self":[{"href":"https:\/\/blogs.correiobraziliense.com.br\/servidor\/wp-json\/wp\/v2\/posts\/4706","targetHints":{"allow":["GET"]}}],"collection":[{"href":"https:\/\/blogs.correiobraziliense.com.br\/servidor\/wp-json\/wp\/v2\/posts"}],"about":[{"href":"https:\/\/blogs.correiobraziliense.com.br\/servidor\/wp-json\/wp\/v2\/types\/post"}],"author":[{"embeddable":true,"href":"https:\/\/blogs.correiobraziliense.com.br\/servidor\/wp-json\/wp\/v2\/users\/27"}],"replies":[{"embeddable":true,"href":"https:\/\/blogs.correiobraziliense.com.br\/servidor\/wp-json\/wp\/v2\/comments?post=4706"}],"version-history":[{"count":1,"href":"https:\/\/blogs.correiobraziliense.com.br\/servidor\/wp-json\/wp\/v2\/posts\/4706\/revisions"}],"predecessor-version":[{"id":4707,"href":"https:\/\/blogs.correiobraziliense.com.br\/servidor\/wp-json\/wp\/v2\/posts\/4706\/revisions\/4707"}],"wp:attachment":[{"href":"https:\/\/blogs.correiobraziliense.com.br\/servidor\/wp-json\/wp\/v2\/media?parent=4706"}],"wp:term":[{"taxonomy":"category","embeddable":true,"href":"https:\/\/blogs.correiobraziliense.com.br\/servidor\/wp-json\/wp\/v2\/categories?post=4706"},{"taxonomy":"post_tag","embeddable":true,"href":"https:\/\/blogs.correiobraziliense.com.br\/servidor\/wp-json\/wp\/v2\/tags?post=4706"}],"curies":[{"name":"wp","href":"https:\/\/api.w.org\/{rel}","templated":true}]}}