{"id":4702,"date":"2017-03-22T16:42:27","date_gmt":"2017-03-22T19:42:27","guid":{"rendered":"https:\/\/blogs.correiobraziliense.com.br\/servidor\/?p=4702"},"modified":"2017-03-22T16:42:27","modified_gmt":"2017-03-22T19:42:27","slug":"delegados-da-pf-e-idp-sp-criam-grupo-para-uso-da-inteligencia-artificial-em-investigacoes","status":"publish","type":"post","link":"https:\/\/blogs.correiobraziliense.com.br\/servidor\/delegados-da-pf-e-idp-sp-criam-grupo-para-uso-da-inteligencia-artificial-em-investigacoes\/","title":{"rendered":"Delegados da PF e IDP-SP criam grupo para uso da intelig\u00eancia artificial em investiga\u00e7\u00f5es"},"content":{"rendered":"<p><em>Grupo estudar\u00e1 o uso da intelig\u00eancia artificial aplicada \u00e0 investiga\u00e7\u00e3o. Lan\u00e7ado durante o VII Congresso Nacional de Delegados da Pol\u00edcia Federal, em Florian\u00f3polis, projeto foca na pesquisa aplicada do uso da intelig\u00eancia artificial a servi\u00e7o da investiga\u00e7\u00e3o<\/em><\/p>\n<p>A Associa\u00e7\u00e3o Nacional dos Delegados de Pol\u00edcia Federal (ADPF) e a Faculdade de Direito do IDP-S\u00e3o Paulo lan\u00e7aram, esta quarta-feira (22\/03), em Florian\u00f3polis, o grupo de estudos \u201cIntelig\u00eancia Artificial a Servi\u00e7o da Investiga\u00e7\u00e3o\u201d, com a participa\u00e7\u00e3o de grandes especialistas em tecnologia da informa\u00e7\u00e3o e uso da intelig\u00eancia artificial.<\/p>\n<p>O presidente da ADPF, Carlos Eduardo Sobral, e o professor do IDP-S\u00e3o Paulo e coordenador do primeiro curso do pa\u00eds de Ci\u00eancia de Dados aplicada ao Direito, Alexandre Zavaglia Coelho, foram respons\u00e1veis pelos trabalhos de forma\u00e7\u00e3o do grupo, durante o VII Congresso Nacional dos Delegados de Pol\u00edcia Federal, da ADPF, em Florian\u00f3polis.<\/p>\n<p>O grupo de estudos acad\u00eamicos tem o objetivo de promover discuss\u00f5es, atividades de forma\u00e7\u00e3o, pesquisas e publica\u00e7\u00f5es cient\u00edficas na \u00e1rea de tecnologia da informa\u00e7\u00e3o para disseminar esse conhecimento e fomentar o uso da intelig\u00eancia artificial a servi\u00e7o da investiga\u00e7\u00e3o.<\/p>\n<p>Entre as atividades definidas pelo grupo para 2017, est\u00e3o um Hackaton com desafios relacionados ao uso dessa tecnologia no combate a corrup\u00e7\u00e3o, fraudes e crimes cibern\u00e9ticos, previsto para junho, que envolver\u00e1 desenvolvedores, organiza\u00e7\u00f5es n\u00e3o governamentais, startups de tecnologia, entre outras entidades, para mostrar o engajamento da sociedade nessas quest\u00f5es.<\/p>\n<p>Tamb\u00e9m ser\u00e3o desenvolvidos pelas escolas um curso de extens\u00e3o sobre o tema aberto a estudantes e profissionais de \u00f3rg\u00e3os p\u00fablicos e privados, diversos debates, eventos, apresenta\u00e7\u00f5es, pesquisas e publica\u00e7\u00f5es cient\u00edficas. Al\u00e9m disso, ser\u00e3o realizados projetos de pesquisas aplicadas em laborat\u00f3rios de prototipagem de seus apoiadores institucionais, para demonstrar a viabilidade e o avan\u00e7o dessa tecnologia em atividades pr\u00e1ticas que podem diminuir o tempo da investiga\u00e7\u00e3o e ampliar as possibilidade pela an\u00e1lise de grande quantidade de dados e o cruzamento de informa\u00e7\u00f5es de diversas bases de dados.<\/p>\n<p>Entre os fundadores do grupo, est\u00e3o os professores e pesquisadores da ADPF Jos\u00e9 Augusto Campos Versiani, Eduardo Mauat, St\u00eanio Santos Sousas, Duilio Mosselin Cardoso, Suzane Paes de Vasconcelos, Marcos Paulo Pugnal, Carla Dolinski e Pedro Gama.<\/p>\n<p>Para Alexandre Zavaglia Coelho, esse grupo \u201cter\u00e1 um papel de grande import\u00e2ncia para demonstrar o potencial da computa\u00e7\u00e3o cognitiva e preparar os profissionais para entender o que j\u00e1 existe e como essa tecnologia pode ampliar as possibilidades de investiga\u00e7\u00e3o\u201d.<\/p>\n<p>Segundo Carlos Eduardo Sobral, \u201cdiversos \u00f3rg\u00e3os p\u00fablicos utilizam a tecnologia em grandes opera\u00e7\u00f5es, mas a intelig\u00eancia artificial e a predi\u00e7\u00e3o ou indica\u00e7\u00e3o de situa\u00e7\u00f5es suspeitas podem trazer uma nova dimens\u00e3o, com grandes contribui\u00e7\u00f5es que v\u00e3o permitir que os profissionais possam focar seus esfor\u00e7os em an\u00e1lises estrat\u00e9gicas e em tarefas essenciais para o sucesso das investiga\u00e7\u00f5es.\u201d<\/p>\n<p>Os trabalhos contam com apoio institucional do CTI\/IFSP &#8211; Centro de Tecnologia da Informa\u00e7\u00e3o Renato Archer e do Instituto Federal de S\u00e3o Paulo\/Campinas, da IBM, do Comit\u00ea Acelera FIESP e da Finch Solu\u00e7\u00f5es, que tamb\u00e9m participaram da funda\u00e7\u00e3o do grupo.<\/p>\n","protected":false},"excerpt":{"rendered":"<p>Grupo estudar\u00e1 o uso da intelig\u00eancia artificial aplicada \u00e0 investiga\u00e7\u00e3o. Lan\u00e7ado durante o VII Congresso Nacional de Delegados da Pol\u00edcia Federal, em Florian\u00f3polis, projeto foca na pesquisa aplicada do uso da intelig\u00eancia artificial a servi\u00e7o da investiga\u00e7\u00e3o A Associa\u00e7\u00e3o Nacional dos Delegados de Pol\u00edcia Federal (ADPF) e a Faculdade de Direito do IDP-S\u00e3o Paulo lan\u00e7aram, esta quarta-feira (22\/03), em Florian\u00f3polis, [&hellip;]<\/p>\n","protected":false},"author":27,"featured_media":0,"comment_status":"open","ping_status":"closed","sticky":false,"template":"","format":"standard","meta":{"footnotes":""},"categories":[2719],"tags":[348,5548,5550,5549,167,232,5546,1118,5547,1456,686,4661,319,5551,5552,4504],"class_list":["post-4702","post","type-post","status-publish","format-standard","hentry","category-servidor","tag-adpf","tag-artificial","tag-cognitiva","tag-computacao","tag-dados","tag-delegados","tag-idp-sp","tag-informacao","tag-inteligencia","tag-investigacoes","tag-operacoes","tag-pesquisas","tag-pf","tag-situacoes","tag-suspeitas","tag-tecnologia"],"_links":{"self":[{"href":"https:\/\/blogs.correiobraziliense.com.br\/servidor\/wp-json\/wp\/v2\/posts\/4702","targetHints":{"allow":["GET"]}}],"collection":[{"href":"https:\/\/blogs.correiobraziliense.com.br\/servidor\/wp-json\/wp\/v2\/posts"}],"about":[{"href":"https:\/\/blogs.correiobraziliense.com.br\/servidor\/wp-json\/wp\/v2\/types\/post"}],"author":[{"embeddable":true,"href":"https:\/\/blogs.correiobraziliense.com.br\/servidor\/wp-json\/wp\/v2\/users\/27"}],"replies":[{"embeddable":true,"href":"https:\/\/blogs.correiobraziliense.com.br\/servidor\/wp-json\/wp\/v2\/comments?post=4702"}],"version-history":[{"count":1,"href":"https:\/\/blogs.correiobraziliense.com.br\/servidor\/wp-json\/wp\/v2\/posts\/4702\/revisions"}],"predecessor-version":[{"id":4703,"href":"https:\/\/blogs.correiobraziliense.com.br\/servidor\/wp-json\/wp\/v2\/posts\/4702\/revisions\/4703"}],"wp:attachment":[{"href":"https:\/\/blogs.correiobraziliense.com.br\/servidor\/wp-json\/wp\/v2\/media?parent=4702"}],"wp:term":[{"taxonomy":"category","embeddable":true,"href":"https:\/\/blogs.correiobraziliense.com.br\/servidor\/wp-json\/wp\/v2\/categories?post=4702"},{"taxonomy":"post_tag","embeddable":true,"href":"https:\/\/blogs.correiobraziliense.com.br\/servidor\/wp-json\/wp\/v2\/tags?post=4702"}],"curies":[{"name":"wp","href":"https:\/\/api.w.org\/{rel}","templated":true}]}}