{"id":4698,"date":"2017-03-22T15:54:57","date_gmt":"2017-03-22T18:54:57","guid":{"rendered":"https:\/\/blogs.correiobraziliense.com.br\/servidor\/?p=4698"},"modified":"2017-03-22T15:54:57","modified_gmt":"2017-03-22T18:54:57","slug":"gilmar-mendes-grace-mendonca-e-antonio-anastasia-discutem-mercado-de-infraestrutura-no-brasil","status":"publish","type":"post","link":"https:\/\/blogs.correiobraziliense.com.br\/servidor\/gilmar-mendes-grace-mendonca-e-antonio-anastasia-discutem-mercado-de-infraestrutura-no-brasil\/","title":{"rendered":"Gilmar Mendes, Grace Mendon\u00e7a e Antonio Anastasia discutem mercado de infraestrutura no Brasil"},"content":{"rendered":"<p><em>Com o objetivo de centralizar as discuss\u00f5es sobre o ambiente regulat\u00f3rio e o mercado nesse campo, o Instituto Brasiliense de Direito P\u00fablico promove, nesta quinta-feira (23), a partir das 19h, o\u00a04\u00ba Semin\u00e1rio Di\u00e1logos Estrat\u00e9gicos \u2013 O mercado de Infraestrutura no Brasil, que contar\u00e1 com a participa\u00e7\u00e3o de alguns dos mais renomados profissionais do governo e da iniciativa privada.<\/em><\/p>\n<p>O evento vai tratar dos avan\u00e7os e desafios para a melhoria da infraestrutura no Brasil v\u00eam ocupando cada vez mais espa\u00e7o nos debates acad\u00eamicos, jur\u00eddicos e econ\u00f4micos do Pa\u00eds.\u00a0Al\u00e9m de novos investimentos e da gera\u00e7\u00e3o de renda e de empregos, a\u00a0estrutura\u00e7\u00e3o de novos empreendimentos no setor eleva a competitividade do Pa\u00eds,\u00a0reduzindo custos da produ\u00e7\u00e3o e favorecendo a circula\u00e7\u00e3o de mercadorias.<\/p>\n<p>Gilmar Mendes, presidente do TSE, ministro do STF e coordenador do Mestrado Acad\u00eamico da Escola de Direito de Bras\u00edlia (EDB\/IDP); Grace Mendon\u00e7a, advogada-geral da Uni\u00e3o, e Antonio Anastasia, senador, estar\u00e3o presentes na sess\u00e3o de abertura do evento.<\/p>\n<p><strong>D\u00e9ficit de investimento<\/strong><\/p>\n<p>De acordo com Marco Aur\u00e9lio Barcelos, coordenador da especializa\u00e7\u00e3o em Concess\u00f5es e Parcerias com a Administra\u00e7\u00e3o P\u00fablica do IDP e organizador cient\u00edfico do evento,\u00a0o\u00a0d\u00e9ficit de investimento na infraestrutura brasileira \u00e9 not\u00f3rio e v\u00e1rios estudos comprovam a demanda por novas iniciativas, sejam p\u00fablicas, sejam privadas: \u201cSabe-se hoje, ali\u00e1s, que a converg\u00eancia de esfor\u00e7os entre ambos os setores \u00e9 fundamental para destravar novos empreendimentos, os quais s\u00e3o essenciais para a retomada do crescimento econ\u00f4mico, para a gera\u00e7\u00e3o de empregos e para a redu\u00e7\u00e3o do \u2018custo Brasil\u2019\u201d, contextualiza.<\/p>\n<p>\u201cSem a institui\u00e7\u00e3o de uma agenda coordenada e sem o funcionamento adequado das ferramentas jur\u00eddicas, os esfor\u00e7os que o governo e a iniciativa privada t\u00eam feito podem render poucos frutos e frustrar a expectativa da popula\u00e7\u00e3o em rela\u00e7\u00e3o a novos investimentos e a melhores servi\u00e7os\u201d, complementa.<\/p>\n<p><strong>Iniciativas<\/strong><\/p>\n<p>O IDP tem outras iniciativas para o avan\u00e7o do debate em rela\u00e7\u00e3o a esse assunto, como \u00e9 o caso do curso de p\u00f3s-gradua\u00e7\u00e3o em Concess\u00f5es e Parcerias na Administra\u00e7\u00e3o, cujo conte\u00fado, in\u00e9dito no pa\u00eds, aborda de maneira interdisciplinar os diversos aspectos da infraestrutura brasileira, desde os entraves para os contratos p\u00fablicos at\u00e9 as melhores estrat\u00e9gias para a celebra\u00e7\u00e3o de parcerias.<\/p>\n<p>\u201cOutras medidas que o IDP adotar\u00e1 nessa seara envolvem a cria\u00e7\u00e3o do Grupo de Estudos em Direito P\u00fablico da Infraestrutura, que contar\u00e1 com a participa\u00e7\u00e3o qualificada de alunos da Institui\u00e7\u00e3o e de profissionais externos convidados, bem como a realiza\u00e7\u00e3o regular de novos di\u00e1logos da infraestrutura, com os mais respeitados estudiosos e profissionais do Pa\u00eds\u201d, explica Barcelos.<\/p>\n<p><strong>Programa\u00e7\u00e3o<\/strong><\/p>\n<p><a href=\"http:\/\/listas.idp.edu.br\/iem\/link.php?M=340691&amp;N=850&amp;L=503&amp;F=H\" target=\"_blank\"><img loading=\"lazy\" decoding=\"async\" class=\"CToWUd\" title=\"4-di\u00e1logos-estrat\u00e9gicos-infraestrutura.jpg\" src=\"https:\/\/ci6.googleusercontent.com\/proxy\/iMcSkkCkYKInOI8N46XtWjGrxlXwFr5V9maKTdBN7cJyEAl5UlJ6IlDQqeU_4MATx9R2_ktBVYHGEuaSYkI37_A8zr_3-JipRExbYYpHbqrIrH62QLeWEcx46XntDgMv7xUTrP3xjnXS6yrHPveZSUpe5y5enztjSxjYVrvJ3J4y8A=s0-d-e1-ft#http:\/\/listas.idp.edu.br\/iem\/admin\/temp\/newsletters\/404\/4-di%C3%A1logos-estrat%C3%A9gicos-infraestrutura.jpg\" alt=\"4-di\u00e1logos-estrat\u00e9gicos-infraestrutura.jpg\" width=\"850\" height=\"1348\" \/><\/a><\/p>\n","protected":false},"excerpt":{"rendered":"<p>Com o objetivo de centralizar as discuss\u00f5es sobre o ambiente regulat\u00f3rio e o mercado nesse campo, o Instituto Brasiliense de Direito P\u00fablico promove, nesta quinta-feira (23), a partir das 19h, o\u00a04\u00ba Semin\u00e1rio Di\u00e1logos Estrat\u00e9gicos \u2013 O mercado de Infraestrutura no Brasil, que contar\u00e1 com a participa\u00e7\u00e3o de alguns dos mais renomados profissionais do governo e da iniciativa privada. O evento [&hellip;]<\/p>\n","protected":false},"author":27,"featured_media":0,"comment_status":"open","ping_status":"closed","sticky":false,"template":"","format":"standard","meta":{"footnotes":""},"categories":[2719],"tags":[795,1549,2893,2596,5543,5052,5545,487,1008,489,5544,1633,5542],"class_list":["post-4698","post","type-post","status-publish","format-standard","hentry","category-servidor","tag-crescimento","tag-demanda","tag-destravar","tag-economico","tag-edbidp","tag-empreendimentos","tag-esforcos","tag-infraestrutura","tag-investimentos","tag-mercado","tag-pirvadas","tag-publicas","tag-regulatorio"],"_links":{"self":[{"href":"https:\/\/blogs.correiobraziliense.com.br\/servidor\/wp-json\/wp\/v2\/posts\/4698","targetHints":{"allow":["GET"]}}],"collection":[{"href":"https:\/\/blogs.correiobraziliense.com.br\/servidor\/wp-json\/wp\/v2\/posts"}],"about":[{"href":"https:\/\/blogs.correiobraziliense.com.br\/servidor\/wp-json\/wp\/v2\/types\/post"}],"author":[{"embeddable":true,"href":"https:\/\/blogs.correiobraziliense.com.br\/servidor\/wp-json\/wp\/v2\/users\/27"}],"replies":[{"embeddable":true,"href":"https:\/\/blogs.correiobraziliense.com.br\/servidor\/wp-json\/wp\/v2\/comments?post=4698"}],"version-history":[{"count":1,"href":"https:\/\/blogs.correiobraziliense.com.br\/servidor\/wp-json\/wp\/v2\/posts\/4698\/revisions"}],"predecessor-version":[{"id":4699,"href":"https:\/\/blogs.correiobraziliense.com.br\/servidor\/wp-json\/wp\/v2\/posts\/4698\/revisions\/4699"}],"wp:attachment":[{"href":"https:\/\/blogs.correiobraziliense.com.br\/servidor\/wp-json\/wp\/v2\/media?parent=4698"}],"wp:term":[{"taxonomy":"category","embeddable":true,"href":"https:\/\/blogs.correiobraziliense.com.br\/servidor\/wp-json\/wp\/v2\/categories?post=4698"},{"taxonomy":"post_tag","embeddable":true,"href":"https:\/\/blogs.correiobraziliense.com.br\/servidor\/wp-json\/wp\/v2\/tags?post=4698"}],"curies":[{"name":"wp","href":"https:\/\/api.w.org\/{rel}","templated":true}]}}