{"id":4692,"date":"2017-03-22T14:13:37","date_gmt":"2017-03-22T17:13:37","guid":{"rendered":"https:\/\/blogs.correiobraziliense.com.br\/servidor\/?p=4692"},"modified":"2017-03-22T14:13:37","modified_gmt":"2017-03-22T17:13:37","slug":"mudanca-na-previdencia-faz-mercado-reagir-negativamente","status":"publish","type":"post","link":"https:\/\/blogs.correiobraziliense.com.br\/servidor\/mudanca-na-previdencia-faz-mercado-reagir-negativamente\/","title":{"rendered":"Mudan\u00e7a na Previd\u00eancia faz mercado reagir negativamente"},"content":{"rendered":"<p><em>A not\u00edcia de que os servidores p\u00fablicos estaduais e municipais ser\u00e3o retirados da proposta de reforma da previd\u00eancia est\u00e1 sendo mal recebida pelo mercado<\/em><\/p>\n<p>Os mercados abriram o dia novamente negativos, ap\u00f3s um dia de forte queda da bolsa e alta do d\u00f3lar na sess\u00e3o anterior. &#8220;Apesar do governo argumentar que isso diminuir\u00e1 consideravelmente a resist\u00eancia no Congresso \u00e0 reforma da previd\u00eancia, \u00e9 uma sinaliza\u00e7\u00e3o bastante negativa. Tamb\u00e9m tivemos a divulga\u00e7\u00e3o do IPCA-15 sem grandes surpresas e praticamente em linha com a mediana do mercado. No cen\u00e1rio externo, a cautela com a administra\u00e7\u00e3o Trump continua&#8221;, destacou Rafael Sabadell, gestor da GGR Investimentos.<\/p>\n","protected":false},"excerpt":{"rendered":"<p>A not\u00edcia de que os servidores p\u00fablicos estaduais e municipais ser\u00e3o retirados da proposta de reforma da previd\u00eancia est\u00e1 sendo mal recebida pelo mercado Os mercados abriram o dia novamente negativos, ap\u00f3s um dia de forte queda da bolsa e alta do d\u00f3lar na sess\u00e3o anterior. &#8220;Apesar do governo argumentar que isso diminuir\u00e1 consideravelmente a resist\u00eancia no Congresso \u00e0 reforma [&hellip;]<\/p>\n","protected":false},"author":27,"featured_media":0,"comment_status":"open","ping_status":"closed","sticky":false,"template":"","format":"standard","meta":{"footnotes":""},"categories":[2719],"tags":[100,489,91,2292,549,711,1043,1991],"class_list":["post-4692","post","type-post","status-publish","format-standard","hentry","category-servidor","tag-congresso","tag-mercado","tag-mudanca","tag-negativamente","tag-previdencia","tag-reforma","tag-resistencia","tag-sinalizacao"],"_links":{"self":[{"href":"https:\/\/blogs.correiobraziliense.com.br\/servidor\/wp-json\/wp\/v2\/posts\/4692","targetHints":{"allow":["GET"]}}],"collection":[{"href":"https:\/\/blogs.correiobraziliense.com.br\/servidor\/wp-json\/wp\/v2\/posts"}],"about":[{"href":"https:\/\/blogs.correiobraziliense.com.br\/servidor\/wp-json\/wp\/v2\/types\/post"}],"author":[{"embeddable":true,"href":"https:\/\/blogs.correiobraziliense.com.br\/servidor\/wp-json\/wp\/v2\/users\/27"}],"replies":[{"embeddable":true,"href":"https:\/\/blogs.correiobraziliense.com.br\/servidor\/wp-json\/wp\/v2\/comments?post=4692"}],"version-history":[{"count":1,"href":"https:\/\/blogs.correiobraziliense.com.br\/servidor\/wp-json\/wp\/v2\/posts\/4692\/revisions"}],"predecessor-version":[{"id":4693,"href":"https:\/\/blogs.correiobraziliense.com.br\/servidor\/wp-json\/wp\/v2\/posts\/4692\/revisions\/4693"}],"wp:attachment":[{"href":"https:\/\/blogs.correiobraziliense.com.br\/servidor\/wp-json\/wp\/v2\/media?parent=4692"}],"wp:term":[{"taxonomy":"category","embeddable":true,"href":"https:\/\/blogs.correiobraziliense.com.br\/servidor\/wp-json\/wp\/v2\/categories?post=4692"},{"taxonomy":"post_tag","embeddable":true,"href":"https:\/\/blogs.correiobraziliense.com.br\/servidor\/wp-json\/wp\/v2\/tags?post=4692"}],"curies":[{"name":"wp","href":"https:\/\/api.w.org\/{rel}","templated":true}]}}