{"id":4690,"date":"2017-03-21T20:15:05","date_gmt":"2017-03-21T23:15:05","guid":{"rendered":"https:\/\/blogs.correiobraziliense.com.br\/servidor\/?p=4690"},"modified":"2017-03-21T20:15:05","modified_gmt":"2017-03-21T23:15:05","slug":"mapa-nota-operacao-carne-fraca","status":"publish","type":"post","link":"https:\/\/blogs.correiobraziliense.com.br\/servidor\/mapa-nota-operacao-carne-fraca\/","title":{"rendered":"Mapa &#8211; Nota &#8211; Opera\u00e7\u00e3o Carne Fraca"},"content":{"rendered":"<p><em>Sobre a Opera\u00e7\u00e3o Carne Fraca, o Minist\u00e9rio da Agricultura, Pecu\u00e1ria e Abastecimento e a Pol\u00edcia Federal esclarecem:<\/em><\/p>\n<ol>\n<li>A reuni\u00e3o ocorrida hoje (21) entre o Secret\u00e1rio Executivo do Mapa, Eumar Roberto Novacki, e o Diretor Geral da PF, Leandro Daiello Coimbra, teve como objetivo fortalecer a rela\u00e7\u00e3o entre as institui\u00e7\u00f5es e reafirmar o compromisso de ambas em elucidar os fatos investigados.<\/li>\n<\/ol>\n<ol start=\"2\">\n<li>A opera\u00e7\u00e3o deflagrada na \u00faltima sexta-feira (17) tem como foco a eventual pr\u00e1tica de crimes de corrup\u00e7\u00e3o por agentes p\u00fablicos;<\/li>\n<\/ol>\n<ol start=\"3\">\n<li>Embora as investiga\u00e7\u00f5es da Pol\u00edcia Federal visem apurar irregularidades pontuais identificadas no Sistema de Inspe\u00e7\u00e3o Federal (SIF), tais fatos se relacionam diretamente a desvios de conduta profissional praticados por alguns servidores e n\u00e3o representam um mal funcionamento generalizado do sistema de integridade sanit\u00e1ria brasileiro. O sistema de inspe\u00e7\u00e3o federal brasileiro j\u00e1 foi auditado por v\u00e1rios pa\u00edses que atestaram sua qualidade. O SIF garante produtos de qualidade ao consumidor brasileiro.<\/li>\n<\/ol>\n<p><strong>Minist\u00e9rio da Agricultura, Pecu\u00e1ria e Abastecimento<\/strong><\/p>\n<p><strong>Pol\u00edcia Federal<\/strong><\/p>\n","protected":false},"excerpt":{"rendered":"<p>Sobre a Opera\u00e7\u00e3o Carne Fraca, o Minist\u00e9rio da Agricultura, Pecu\u00e1ria e Abastecimento e a Pol\u00edcia Federal esclarecem: A reuni\u00e3o ocorrida hoje (21) entre o Secret\u00e1rio Executivo do Mapa, Eumar Roberto Novacki, e o Diretor Geral da PF, Leandro Daiello Coimbra, teve como objetivo fortalecer a rela\u00e7\u00e3o entre as institui\u00e7\u00f5es e reafirmar o compromisso de ambas em elucidar os fatos investigados. [&hellip;]<\/p>\n","protected":false},"author":27,"featured_media":0,"comment_status":"open","ping_status":"closed","sticky":false,"template":"","format":"standard","meta":{"footnotes":""},"categories":[2719],"tags":[881,3568,5535,5533,1416,3724,3982,14,5449,104,787,1939,58,5534],"class_list":["post-4690","post","type-post","status-publish","format-standard","hentry","category-servidor","tag-compromisso","tag-conduta","tag-devios","tag-fatos","tag-instituicoes","tag-investigados","tag-leandro-daiello","tag-mapa","tag-operacao-carne-fraca","tag-policia-federal","tag-qualidade","tag-relacao","tag-servidores","tag-sif"],"_links":{"self":[{"href":"https:\/\/blogs.correiobraziliense.com.br\/servidor\/wp-json\/wp\/v2\/posts\/4690","targetHints":{"allow":["GET"]}}],"collection":[{"href":"https:\/\/blogs.correiobraziliense.com.br\/servidor\/wp-json\/wp\/v2\/posts"}],"about":[{"href":"https:\/\/blogs.correiobraziliense.com.br\/servidor\/wp-json\/wp\/v2\/types\/post"}],"author":[{"embeddable":true,"href":"https:\/\/blogs.correiobraziliense.com.br\/servidor\/wp-json\/wp\/v2\/users\/27"}],"replies":[{"embeddable":true,"href":"https:\/\/blogs.correiobraziliense.com.br\/servidor\/wp-json\/wp\/v2\/comments?post=4690"}],"version-history":[{"count":1,"href":"https:\/\/blogs.correiobraziliense.com.br\/servidor\/wp-json\/wp\/v2\/posts\/4690\/revisions"}],"predecessor-version":[{"id":4691,"href":"https:\/\/blogs.correiobraziliense.com.br\/servidor\/wp-json\/wp\/v2\/posts\/4690\/revisions\/4691"}],"wp:attachment":[{"href":"https:\/\/blogs.correiobraziliense.com.br\/servidor\/wp-json\/wp\/v2\/media?parent=4690"}],"wp:term":[{"taxonomy":"category","embeddable":true,"href":"https:\/\/blogs.correiobraziliense.com.br\/servidor\/wp-json\/wp\/v2\/categories?post=4690"},{"taxonomy":"post_tag","embeddable":true,"href":"https:\/\/blogs.correiobraziliense.com.br\/servidor\/wp-json\/wp\/v2\/tags?post=4690"}],"curies":[{"name":"wp","href":"https:\/\/api.w.org\/{rel}","templated":true}]}}