{"id":4647,"date":"2017-03-17T19:42:59","date_gmt":"2017-03-17T22:42:59","guid":{"rendered":"https:\/\/blogs.correiobraziliense.com.br\/servidor\/?p=4647"},"modified":"2017-03-17T19:42:59","modified_gmt":"2017-03-17T22:42:59","slug":"consumidor-pode-entrar-na-justica-e-contra-frigorifico-e-comerciantes-por-carne-estragada-ou-fora-da-validade","status":"publish","type":"post","link":"https:\/\/blogs.correiobraziliense.com.br\/servidor\/consumidor-pode-entrar-na-justica-e-contra-frigorifico-e-comerciantes-por-carne-estragada-ou-fora-da-validade\/","title":{"rendered":"Consumidor pode entrar na Justi\u00e7a e contra frigor\u00edfico e comerciantes por carne estragada ou fora da validade"},"content":{"rendered":"<p>Em resposta \u00e0 opera\u00e7\u00e3o executada pela Pol\u00edcia Federal, que identificou que v\u00e1rios frigor\u00edficos do pa\u00eds vendiam carne estragada, a advogada Nath\u00e1lia Monici Lima, da \u00e1rea de Direito do Consumidor do escrit\u00f3rio Roberto Caldas, Mauro Menezes &amp; Advogados, orienta \u00e0 popula\u00e7\u00e3o que a comercializa\u00e7\u00e3o de produtos aliment\u00edcios impr\u00f3prios para o consumo coloca a vida e a sa\u00fade dos consumidores em risco e gera danos que devem ser indenizados, e por isso, &#8220;o consumidor que se sentir lesado deve buscar os seus direitos por meio de den\u00fancias na Ag\u00eancia Nacional de Vigil\u00e2ncia Sanit\u00e1ria (Anvisa) e na Procuradorias de Defesa do Consumidor (Procons), contra os fornecedores.<\/p>\n<p>&#8220;Al\u00e9m disso, o consumidor pode ingressar na Justi\u00e7a para solicitar, atrav\u00e9s de uma a\u00e7\u00e3o indenizat\u00f3ria, a repara\u00e7\u00e3o dos preju\u00edzos sofridos, sejam eles morais ou materiais&#8221;, refor\u00e7a Nath\u00e1lia. A especialista explica tamb\u00e9m que nestes casos &#8220;n\u00e3o apenas o frigor\u00edfico \u00e9 respons\u00e1vel pelos danos causados, mas tamb\u00e9m o comerciante que coloca o produto \u00e0 disposi\u00e7\u00e3o do consumidor em seu estabelecimento, dada a sua responsabilidade pela conserva\u00e7\u00e3o e venda do alimento&#8221;.<\/p>\n<p>Segundo a investiga\u00e7\u00e3o da Opera\u00e7\u00e3o Carne Fraca, foi identificado que diretores e donos das empresas estariam envolvidos diretamente nas fraudes, que contavam com a ajuda de servidores do Minist\u00e9rio da Agricultura, Pecu\u00e1ria e Abastecimento (Mapa). Entre os principais problemas est\u00e3o o uso de produtos qu\u00edmicos na manipula\u00e7\u00e3o das carnes e produtos fora da validade, al\u00e9m da inser\u00e7\u00e3o de papel\u00e3o em lotes de frango. O caso envolve grandes empresas, como a BRF e a JBS, mas tamb\u00e9m frigor\u00edficos menores, como o Peccin, do Paran\u00e1.<\/p>\n","protected":false},"excerpt":{"rendered":"<p>Em resposta \u00e0 opera\u00e7\u00e3o executada pela Pol\u00edcia Federal, que identificou que v\u00e1rios frigor\u00edficos do pa\u00eds vendiam carne estragada, a advogada Nath\u00e1lia Monici Lima, da \u00e1rea de Direito do Consumidor do escrit\u00f3rio Roberto Caldas, Mauro Menezes &amp; Advogados, orienta \u00e0 popula\u00e7\u00e3o que a comercializa\u00e7\u00e3o de produtos aliment\u00edcios impr\u00f3prios para o consumo coloca a vida e a sa\u00fade dos consumidores em risco [&hellip;]<\/p>\n","protected":false},"author":27,"featured_media":0,"comment_status":"open","ping_status":"closed","sticky":false,"template":"","format":"standard","meta":{"footnotes":""},"categories":[2719],"tags":[1850,5450,5444,5446,4255,5445,1512,5447,5451,260,14,5449,5452,5448,1124,1212,616,58,699,372],"class_list":["post-4647","post","type-post","status-publish","format-standard","hentry","category-servidor","tag-anvisa","tag-brf","tag-carne","tag-comerciantes","tag-consumidor","tag-estragada","tag-frigorificos","tag-improrios","tag-jbs","tag-justica","tag-mapa","tag-operacao-carne-fraca","tag-peccin","tag-procon","tag-responsavel","tag-risco","tag-saude","tag-servidores","tag-validade","tag-vida"],"_links":{"self":[{"href":"https:\/\/blogs.correiobraziliense.com.br\/servidor\/wp-json\/wp\/v2\/posts\/4647","targetHints":{"allow":["GET"]}}],"collection":[{"href":"https:\/\/blogs.correiobraziliense.com.br\/servidor\/wp-json\/wp\/v2\/posts"}],"about":[{"href":"https:\/\/blogs.correiobraziliense.com.br\/servidor\/wp-json\/wp\/v2\/types\/post"}],"author":[{"embeddable":true,"href":"https:\/\/blogs.correiobraziliense.com.br\/servidor\/wp-json\/wp\/v2\/users\/27"}],"replies":[{"embeddable":true,"href":"https:\/\/blogs.correiobraziliense.com.br\/servidor\/wp-json\/wp\/v2\/comments?post=4647"}],"version-history":[{"count":1,"href":"https:\/\/blogs.correiobraziliense.com.br\/servidor\/wp-json\/wp\/v2\/posts\/4647\/revisions"}],"predecessor-version":[{"id":4648,"href":"https:\/\/blogs.correiobraziliense.com.br\/servidor\/wp-json\/wp\/v2\/posts\/4647\/revisions\/4648"}],"wp:attachment":[{"href":"https:\/\/blogs.correiobraziliense.com.br\/servidor\/wp-json\/wp\/v2\/media?parent=4647"}],"wp:term":[{"taxonomy":"category","embeddable":true,"href":"https:\/\/blogs.correiobraziliense.com.br\/servidor\/wp-json\/wp\/v2\/categories?post=4647"},{"taxonomy":"post_tag","embeddable":true,"href":"https:\/\/blogs.correiobraziliense.com.br\/servidor\/wp-json\/wp\/v2\/tags?post=4647"}],"curies":[{"name":"wp","href":"https:\/\/api.w.org\/{rel}","templated":true}]}}