{"id":4645,"date":"2017-03-17T18:00:12","date_gmt":"2017-03-17T21:00:12","guid":{"rendered":"https:\/\/blogs.correiobraziliense.com.br\/servidor\/?p=4645"},"modified":"2017-03-17T18:00:12","modified_gmt":"2017-03-17T21:00:12","slug":"nota-publica-sobre-reforma-da-previdencia-social","status":"publish","type":"post","link":"https:\/\/blogs.correiobraziliense.com.br\/servidor\/nota-publica-sobre-reforma-da-previdencia-social\/","title":{"rendered":"Nota p\u00fablica sobre a Reforma da Previd\u00eancia Social"},"content":{"rendered":"<p><em>&#8220;O Movimento do Minist\u00e9rio P\u00fablico Democr\u00e1tico, associa\u00e7\u00e3o civil de\u00a0 car\u00e1ter nacional e\u00a0 n\u00e3o corporativista, por sua diretoria, vem a p\u00fablico manifestar seu incondicional e irrestrito apoio a todas as pessoas que, esta semana, disseram N\u00e3o \u00e0 Reforma da Previd\u00eancia. <\/em><\/p>\n<p>Ningu\u00e9m desconhece que o custeio da Previd\u00eancia Social \u00e9 dif\u00edcil e exige muitos recursos, todavia, tamb\u00e9m \u00e9 certo que para isso foram previstas muitas contribui\u00e7\u00f5es e tributos que sustentam o sistema de seguridade social: sa\u00fade, assist\u00eancia social e previd\u00eancia. Todos os trabalhadores contribuem para a manuten\u00e7\u00e3o do sistema.<\/p>\n<p>Esse dinheiro \u00e9 do povo e para a popula\u00e7\u00e3o deve ser destinado. N\u00e3o h\u00e1 transpar\u00eancia\u00a0 por parte do Governo , os n\u00fameros n\u00e3o s\u00e3o apresentados e nem s\u00e3o\u00a0 debatidos com profundidade com a sociedade. H\u00e1 quase 430 bilh\u00f5es de devedores\u00a0 para a previd\u00eancia que n\u00e3o foram cobrados, entre eles muitos doadores de campanha do governo.<\/p>\n<p>Al\u00e9m disto, a previd\u00eancia\u00a0 sofreu duas reformas recentes para adequ\u00e1-la financeiramente. Os argumentos apresentados pelo Governo t\u00eam sido contrariados por todos os estudos independentes, sejam das entidades do setor p\u00fablico ou do setor privado. A desvincula\u00e7\u00e3o de receitas (DRU) que deveriam ser destinadas \u00e0 previd\u00eancia, e n\u00e3o s\u00e3o, constitui o grande problema do pa\u00eds.<\/p>\n<p>Ali\u00e1s, n\u00e3o \u00e9 somente no campo econ\u00f4mico que a reforma encontra \u00f3bice. Afinal, nenhuma reforma da previd\u00eancia foi discutida nas \u00faltimas elei\u00e7\u00f5es. O atual programa de governo n\u00e3o foi debatido nas \u00faltimas elei\u00e7\u00f5es. Falta legitimidade para esta reforma. Numa democracia, o Governo representa o povo, mas para represent\u00e1-lo tem que apresentar suas propostas e sujeit\u00e1-las \u00e0s urnas, antes de pretender sua implanta\u00e7\u00e3o.<\/p>\n<p>Sem contar as in\u00fameras den\u00fancias de malversa\u00e7\u00e3o do dinheiro p\u00fablico, tudo a criar um clima de absoluta desconfian\u00e7a nas medidas propostas. O Brasil est\u00e1 sendo passado a limpo pelas investiga\u00e7\u00f5es, originadas em Curitiba, e que agora se deslocam para Bras\u00edlia.<\/p>\n<p>Essas propostas legislativas inusitadas, dentre as quais se enquadra a quest\u00e3o da previd\u00eancia, mais parece uma tentativa de tirar o foco dos grandes esc\u00e2ndalos envolvendo o sistema de corrup\u00e7\u00e3o existente no pa\u00eds.<\/p>\n<p>A popula\u00e7\u00e3o n\u00e3o ser\u00e1 enganada. E, seguramente, saber\u00e1 lutar por seus direitos. O pa\u00eds exige transpar\u00eancia e respeito absoluto pelo dinheiro p\u00fablico e por seus direitos. O gigante adormecido em ber\u00e7o espl\u00eandido acordou. &#8221;<\/p>\n<p>&nbsp;<\/p>\n","protected":false},"excerpt":{"rendered":"<p>&#8220;O Movimento do Minist\u00e9rio P\u00fablico Democr\u00e1tico, associa\u00e7\u00e3o civil de\u00a0 car\u00e1ter nacional e\u00a0 n\u00e3o corporativista, por sua diretoria, vem a p\u00fablico manifestar seu incondicional e irrestrito apoio a todas as pessoas que, esta semana, disseram N\u00e3o \u00e0 Reforma da Previd\u00eancia. Ningu\u00e9m desconhece que o custeio da Previd\u00eancia Social \u00e9 dif\u00edcil e exige muitos recursos, todavia, tamb\u00e9m \u00e9 certo que para isso [&hellip;]<\/p>\n","protected":false},"author":27,"featured_media":0,"comment_status":"open","ping_status":"closed","sticky":false,"template":"","format":"standard","meta":{"footnotes":""},"categories":[2719],"tags":[792,984,2488,5443,37,549,147,316,711,4634,2103],"class_list":["post-4645","post","type-post","status-publish","format-standard","hentry","category-servidor","tag-apoio","tag-assistencia","tag-contribuicoes","tag-ministerio-publico-democratico","tag-nota","tag-previdencia","tag-publica","tag-recursos","tag-reforma","tag-seguridade","tag-social"],"_links":{"self":[{"href":"https:\/\/blogs.correiobraziliense.com.br\/servidor\/wp-json\/wp\/v2\/posts\/4645","targetHints":{"allow":["GET"]}}],"collection":[{"href":"https:\/\/blogs.correiobraziliense.com.br\/servidor\/wp-json\/wp\/v2\/posts"}],"about":[{"href":"https:\/\/blogs.correiobraziliense.com.br\/servidor\/wp-json\/wp\/v2\/types\/post"}],"author":[{"embeddable":true,"href":"https:\/\/blogs.correiobraziliense.com.br\/servidor\/wp-json\/wp\/v2\/users\/27"}],"replies":[{"embeddable":true,"href":"https:\/\/blogs.correiobraziliense.com.br\/servidor\/wp-json\/wp\/v2\/comments?post=4645"}],"version-history":[{"count":1,"href":"https:\/\/blogs.correiobraziliense.com.br\/servidor\/wp-json\/wp\/v2\/posts\/4645\/revisions"}],"predecessor-version":[{"id":4646,"href":"https:\/\/blogs.correiobraziliense.com.br\/servidor\/wp-json\/wp\/v2\/posts\/4645\/revisions\/4646"}],"wp:attachment":[{"href":"https:\/\/blogs.correiobraziliense.com.br\/servidor\/wp-json\/wp\/v2\/media?parent=4645"}],"wp:term":[{"taxonomy":"category","embeddable":true,"href":"https:\/\/blogs.correiobraziliense.com.br\/servidor\/wp-json\/wp\/v2\/categories?post=4645"},{"taxonomy":"post_tag","embeddable":true,"href":"https:\/\/blogs.correiobraziliense.com.br\/servidor\/wp-json\/wp\/v2\/tags?post=4645"}],"curies":[{"name":"wp","href":"https:\/\/api.w.org\/{rel}","templated":true}]}}