{"id":4643,"date":"2017-03-17T17:46:41","date_gmt":"2017-03-17T20:46:41","guid":{"rendered":"https:\/\/blogs.correiobraziliense.com.br\/servidor\/?p=4643"},"modified":"2017-03-17T17:46:41","modified_gmt":"2017-03-17T20:46:41","slug":"contag-elege-nova-diretoria","status":"publish","type":"post","link":"https:\/\/blogs.correiobraziliense.com.br\/servidor\/contag-elege-nova-diretoria\/","title":{"rendered":"Contag elege nova Diretoria"},"content":{"rendered":"<p>Os mais de 2 mil delegados e delegadas do 12\u00ba Congresso Nacional dos Trabalhadores Rurais Agricultores e Agricultoras Familiares (12\u00ba CNTTR) elegeram a nova Diretoria, Conselho Fiscal e Supl\u00eancias da Contag para o per\u00edodo de 2017-2021. Essa Dire\u00e7\u00e3o tomar\u00e1 posse no final de abril e ter\u00e1 como presidente o pernambucano Aristides Santos, atual secret\u00e1rio de Finan\u00e7as e Administra\u00e7\u00e3o da entidade.<\/p>\n<p>A Dire\u00e7\u00e3o Executiva da Contag contar\u00e1 com 12 diretores e diretoras, com a representa\u00e7\u00e3o das cinco regi\u00f5es do Pa\u00eds e, pela primeira vez, nos 53 anos da entidade, contar\u00e1 com a paridade de g\u00eanero, ou seja, ser\u00e3o 6 homens e 6 mulheres na sua composi\u00e7\u00e3o. Tamb\u00e9m h\u00e1 representa\u00e7\u00e3o de jovens e terceira idade.<\/p>\n<p>\u201cDe fato, a paridade era um sonho e \u00e9 reflexo da luta de milhares de mulheres ao longo desses 53 anos da Contag. Agora, no 12\u00ba CNTTR, implementamos a igualdade e para n\u00f3s esse momento \u00e9 um marco importante na vida das mulheres. Mas, o desafio continua. Precisamos que a paridade tamb\u00e9m seja implementada nas nossas Federa\u00e7\u00f5es e Sindicatos para avan\u00e7armos ainda mais\u201d, destaca Maz\u00e9 Morais, atual secret\u00e1ria de Jovens e agora eleita secret\u00e1ria de Mulheres da Contag.<\/p>\n<p>O atual presidente da Contag, Alberto Broch, permanece na nova Diretoria, e ser\u00e1 o vice-presidente e secret\u00e1rio de Rela\u00e7\u00f5es Internacionais. Cargo que j\u00e1 ocupou antes de presidir a entidade por dois mandatos.<\/p>\n<p>Aristides Santos chega \u00e0 Presid\u00eancia da Contag ap\u00f3s sete anos \u00e0 frente da Secretaria de Finan\u00e7as e Administra\u00e7\u00e3o.\u00a0Para o presidente eleito, os principais desafios internos para o pr\u00f3ximo per\u00edodo s\u00e3o efetivar o cumprimento da cota de, no m\u00ednimo, 20% de jovens nas Diretorias das Federa\u00e7\u00f5es e Sindicatos; efetivar a igualdade na participa\u00e7\u00e3o de mulheres em todas as inst\u00e2ncias do movimento sindical; respeitar a participa\u00e7\u00e3o e experi\u00eancia da terceira idade; investir mais na comunica\u00e7\u00e3o; entre outras. \u201cTamb\u00e9m vamos trabalhar fortemente a unidade do nosso movimento e incentivar que as nossas Federa\u00e7\u00f5es e Sindicatos mantenham rela\u00e7\u00e3o com alguma central sindical, de prefer\u00eancia progressista, para unificar a luta\u201d, destaca Aristides.<\/p>\n<p>Quanto aos desafios externos, Aristides reconhece que a nova Diretoria ter\u00e1 que intensificar a luta contra os retrocessos. \u201cVamos continuar combatendo o que esse governo ileg\u00edtimo de Michel Temer vem tentando fazer que \u00e9 retirar direitos da classe trabalhadora, a exemplo temos o congelamento dos investimentos sociais por 20 anos, agora a tentativa de aprovar as reformas Trabalhista e Previdenci\u00e1ria, entre outras. Vamos trabalhar para barrar a correla\u00e7\u00e3o de for\u00e7as no Congresso Nacional para impedirmos mais retrocessos para a popula\u00e7\u00e3o brasileira, vamos tentar restabelecer a nossa democracia elegendo um governo democraticamente em 2018\u201d, ressalta o presidente eleito.<\/p>\n<p>A elei\u00e7\u00e3o ocorreu nesta sexta-feira (17), ap\u00f3s uma semana inteira de debates, an\u00e1lises de conjuntura e aprova\u00e7\u00e3o das delibera\u00e7\u00f5es que dar\u00e3o os rumos para essa nova Dire\u00e7\u00e3o para os pr\u00f3ximos quatro anos \u00e0 frente da maior organiza\u00e7\u00e3o de agricultores e agricultoras familiares brasileiros(a) e de toda Am\u00e9rica Latina.<\/p>\n<p>\u201cSa\u00edmos do 12\u00ba Congresso com um sentimento muito bom, muito positivo, de realiza\u00e7\u00e3o de uma grande etapa. Foi um congresso grande, que trouxe os principais temas para o debate e que primou do in\u00edcio ao fim pela unidade dos diversos campos pol\u00edticos que comp\u00f5em o MSTTR. Na abertura tivemos as ilustres presen\u00e7as do presidente Lula, do secret\u00e1rio geral da CNBB. Outro destaque foi a nossa participa\u00e7\u00e3o no ato unificado no dia 15 de mar\u00e7o contra os retrocessos nos direitos. E, na quinta-feira, tivemos uma grande plen\u00e1ria final, com importantes interven\u00e7\u00f5es. E com o lema: levantar as bandeiras de luta e fortalecer a organiza\u00e7\u00e3o sindical da agricultura familiar, parece que todos e todas assumiram de fato esse compromisso\u201d, avaliou o atual presidente da Contag, Alberto Broch.<\/p>\n<p>Quem \u00e9 Aristides Santos?<\/p>\n<p>Aristides Veras dos Santos nasceu em Tabira, Regi\u00e3o do Sert\u00e3o do estado de Pernambuco. \u00c9 agricultor familiar e mant\u00e9m a atividade produtiva em regime de comodato, com seus pais e dois irm\u00e3os, na pequena propriedade da fam\u00edlia de apenas dez hectares. Na pequena propriedade, a fam\u00edlia trabalha com as culturas do milho e feij\u00e3o, e com a cria\u00e7\u00e3o de animais de pequeno e grande porte.<\/p>\n<p>\u00c9 graduado em Letras e iniciou sua milit\u00e2ncia pol\u00edtica nos anos 80 nas Comunidades Eclesiais de Base e na Pastoral da Juventude da Igreja Cat\u00f3lica.\u2028Ajudou a criar o Partido dos Trabalhadores (PT), em 1987, e disputou a prefeitura de Tabira em 1988. Foi vereador pelo PT, exercendo dois mandatos, de 1997 a 2004; e vice-prefeito de Tabira, de 2004 a 2008. No Movimento Sindical de Trabalhadores e Trabalhadoras Rurais, Aristides Santos ingressou em 1985.\u00a0 Em 1987, com apenas 23 anos, foi eleito presidente do Sindicato dos Trabalhadores e Trabalhadoras Rurais de Tabira. Exerceu tr\u00eas mandatos na Presid\u00eancia do Sindicato nos per\u00edodos de 1987 a 1990 e de 1995 a 2001. Foi vice-presidente da Central \u00danica dos Trabalhadores \u2013 CUT de Pernambuco, no per\u00edodo de 1990 a 1995. Em julho de 2002 foi eleito presidente da Federa\u00e7\u00e3o dos Trabalhadores Rurais Agricultores e Agricultoras do Estado de Pernambuco (Fetape), sendo reeleito quatro anos depois.<\/p>\n<p>Em 2009, durante o 10\u00ba Congresso da Contag, foi eleito 1\u00ba secret\u00e1rio de Finan\u00e7as e Administra\u00e7\u00e3o da entidade. Com a licen\u00e7a e posterior elei\u00e7\u00e3o de Manoel Santos (falecido) para deputado estadual, por PE, Aristides assumiu, em janeiro de 2010, a Secretaria de Finan\u00e7as e Administra\u00e7\u00e3o.\u00a0Em mar\u00e7o de 2013, no 11\u00ba Congresso Nacional da Contag, foi reconduzido \u00e0 mesma Secretaria para a gest\u00e3o 2013-2017.<\/p>\n<p>&nbsp;<\/p>\n<table width=\"660\">\n<tbody>\n<tr>\n<td>DIRETORIA EFETIVA<br \/>\nPresid\u00eancia &#8211; Aristides Veras dos Santos (PE)<br \/>\nVice-Presid\u00eancia e Secretaria de Rela\u00e7\u00f5es Internacionais &#8211; Alberto Erc\u00edlio Broch (RS)<br \/>\nSecretaria Geral &#8211; Thaisa Daiane Silva (MS)<br \/>\nSecretaria de Finan\u00e7as e Administra\u00e7\u00e3o &#8211; Juraci Moreira Souto (MG)<br \/>\nSecretaria de Pol\u00edtica Agr\u00edcola &#8211; Antoninho Rovaris (SC)<br \/>\nSecretaria de Pol\u00edtica Agr\u00e1ria &#8211; Elias D\u2019Angelo Borges (GO)<br \/>\nSecretaria de Forma\u00e7\u00e3o e Organiza\u00e7\u00e3o Sindical &#8211; Carlos Augusto Santos Silva (PA)<br \/>\nSecretaria de Pol\u00edticas Sociais &#8211; Edjane Rodrigues da Silva (AL)<br \/>\nSecretaria de Meio Ambiente &#8211; Rosmari Barbosa Malheiros (MA)<br \/>\nSecretaria de Mulheres &#8211; Maria Jos\u00e9 Morais Costa (PI)<br \/>\nSecretaria de Jovens &#8211; M\u00f4nica Bufon Augusto (ES)<br \/>\nSecretaria de Terceira Idade &#8211; Josefa Rita da Silva (BA)<\/p>\n<p>DIRETORIA SUPL\u00caNCIA<br \/>\nSecretaria de Finan\u00e7as e Administra\u00e7\u00e3o &#8211; Pedro Mario Ribeiro (MG)<br \/>\nSecretaria de Pol\u00edtica Agr\u00edcola &#8211; Jos\u00e9 Walter Dresch (SC)<br \/>\nSecretaria de Pol\u00edtica Agr\u00e1ria &#8211; Zenildo Pereira Xavier (ES)<br \/>\nSecretaria de Forma\u00e7\u00e3o e Organiza\u00e7\u00e3o Sindical &#8211; Alair Luiz dos Santos (GO)<br \/>\nSecretaria de Pol\u00edticas Sociais &#8211; Adriana do Nascimento Silva (PE)<br \/>\nSecretaria de Meio Ambiente &#8211; Vania Marques Pinto (BA)<br \/>\nSecretaria de Mulheres &#8211; Carmen Helena Ferreira Foro (PA)<br \/>\nSecretaria de Jovens &#8211; Maria do Socorro Lopes de Lima (RN)<br \/>\nSecretaria de Terceira Idade &#8211; Maria Marucha Szydlovski Vettorazzi (PR)<\/p>\n<p>CONSELHO FISCAL EFETIVO<br \/>\n1\u00ba efetivo &#8211; Marcos Junior Brambilla (PR)<br \/>\n2\u00ba efetivo &#8211; Manoel Candido da Costa (RN)<br \/>\n3\u00ba efetivo &#8211; Dorenice Flor da Cruz (MT)<br \/>\n4\u00ba efetivo &#8211; Idelnice da Silva Ara\u00fajo (AP)<\/p>\n<p>CONSELHO FISCAL SUPL\u00caNCIA<br \/>\n1\u00ba suplente &#8211; Oto dos Santos (RJ)<br \/>\n2\u00ba suplente &#8211; Francisco de Jesus Silva (MA)<br \/>\n3\u00ba suplente &#8211; Juliana Pachuri Mendes (MT)<br \/>\n4\u00ba suplente- Cirlene Gomes da Costa (TO)<\/p>\n<p>SUPLENTES VOLANTES<br \/>\nClaudia Alves Bambil (MS)<br \/>\nCarlos Joel da Silva (RS)<br \/>\nMaria Alves da Silva (RR)<br \/>\nAnt\u00f4nio Jos\u00e9 da Rocha Oliveira (PI)<\/td>\n<\/tr>\n<\/tbody>\n<\/table>\n","protected":false},"excerpt":{"rendered":"<p>Os mais de 2 mil delegados e delegadas do 12\u00ba Congresso Nacional dos Trabalhadores Rurais Agricultores e Agricultoras Familiares (12\u00ba CNTTR) elegeram a nova Diretoria, Conselho Fiscal e Supl\u00eancias da Contag para o per\u00edodo de 2017-2021. Essa Dire\u00e7\u00e3o tomar\u00e1 posse no final de abril e ter\u00e1 como presidente o pernambucano Aristides Santos, atual secret\u00e1rio de Finan\u00e7as e Administra\u00e7\u00e3o da entidade. [&hellip;]<\/p>\n","protected":false},"author":27,"featured_media":0,"comment_status":"open","ping_status":"closed","sticky":false,"template":"","format":"standard","meta":{"footnotes":""},"categories":[2719],"tags":[5440,2696,1845,108,5439,5118,444,1263,5441,549,711,4684,5442,2157],"class_list":["post-4643","post","type-post","status-publish","format-standard","hentry","category-servidor","tag-cnttr","tag-contag","tag-desafios","tag-diretoria","tag-elege","tag-genero","tag-jovens","tag-mulheres","tag-paraidade","tag-previdencia","tag-reforma","tag-representacao","tag-terceira-idade","tag-trabalhista"],"_links":{"self":[{"href":"https:\/\/blogs.correiobraziliense.com.br\/servidor\/wp-json\/wp\/v2\/posts\/4643","targetHints":{"allow":["GET"]}}],"collection":[{"href":"https:\/\/blogs.correiobraziliense.com.br\/servidor\/wp-json\/wp\/v2\/posts"}],"about":[{"href":"https:\/\/blogs.correiobraziliense.com.br\/servidor\/wp-json\/wp\/v2\/types\/post"}],"author":[{"embeddable":true,"href":"https:\/\/blogs.correiobraziliense.com.br\/servidor\/wp-json\/wp\/v2\/users\/27"}],"replies":[{"embeddable":true,"href":"https:\/\/blogs.correiobraziliense.com.br\/servidor\/wp-json\/wp\/v2\/comments?post=4643"}],"version-history":[{"count":1,"href":"https:\/\/blogs.correiobraziliense.com.br\/servidor\/wp-json\/wp\/v2\/posts\/4643\/revisions"}],"predecessor-version":[{"id":4644,"href":"https:\/\/blogs.correiobraziliense.com.br\/servidor\/wp-json\/wp\/v2\/posts\/4643\/revisions\/4644"}],"wp:attachment":[{"href":"https:\/\/blogs.correiobraziliense.com.br\/servidor\/wp-json\/wp\/v2\/media?parent=4643"}],"wp:term":[{"taxonomy":"category","embeddable":true,"href":"https:\/\/blogs.correiobraziliense.com.br\/servidor\/wp-json\/wp\/v2\/categories?post=4643"},{"taxonomy":"post_tag","embeddable":true,"href":"https:\/\/blogs.correiobraziliense.com.br\/servidor\/wp-json\/wp\/v2\/tags?post=4643"}],"curies":[{"name":"wp","href":"https:\/\/api.w.org\/{rel}","templated":true}]}}