{"id":4635,"date":"2017-03-16T17:44:49","date_gmt":"2017-03-16T20:44:49","guid":{"rendered":"https:\/\/blogs.correiobraziliense.com.br\/servidor\/?p=4635"},"modified":"2017-03-16T17:44:49","modified_gmt":"2017-03-16T20:44:49","slug":"receita-federal-alerta-sobre-os-erros-mais-comuns-cometidos-na-dirpf","status":"publish","type":"post","link":"https:\/\/blogs.correiobraziliense.com.br\/servidor\/receita-federal-alerta-sobre-os-erros-mais-comuns-cometidos-na-dirpf\/","title":{"rendered":"Receita Federal alerta sobre os erros mais comuns cometidos na Dirpf"},"content":{"rendered":"<p>A Receita Federal destaca alguns erros frequentes dos contribuintes no preenchimento da Declara\u00e7\u00e3o de Ajuste Anual do Imposto sobre a Renda da Pessoa F\u00edsica (DIRPF) e os modos de regularizar a situa\u00e7\u00e3o.<\/p>\n<p>1 &#8211; Omiss\u00e3o de rendimentos do titular, em especial de uma segunda fonte, tais como honor\u00e1rios, alugueis e palestras.<\/p>\n<p>2 &#8211; Omiss\u00e3o de rendimentos de dependente.<\/p>\n<p>3 &#8211; Informa\u00e7\u00e3o de valor de imposto de renda retido na fonte maior do que o que consta na declara\u00e7\u00e3o do empregador.<\/p>\n<p>4 &#8211; Dependentes que n\u00e3o preenchem as condi\u00e7\u00f5es, em especial por contarem de outra declara\u00e7\u00e3o ou terem apresentado declara\u00e7\u00e3o em seu nome.<\/p>\n<p>5 &#8211; Despesas m\u00e9dicas n\u00e3o realizadas, de titular e de dependentes e ainda de n\u00e3o dependentes relativas a consultas, Planos de Sa\u00fade e Cl\u00ednicas.<\/p>\n<p>6 &#8211; Contribui\u00e7\u00f5es de empregadas dom\u00e9sticas n\u00e3o realizadas.<\/p>\n<p>Ressalte-se que tais erros nem sempre significam m\u00e1 f\u00e9 e que o contribuinte pode verificar a pend\u00eancia no extrato do IRPF no s\u00edtio da Receita Federal na Internet, antes mesmo de ser intimado pelo \u00f3rg\u00e3o, e corrigir eventual engano na declara\u00e7\u00e3o para cumprir corretamente sua obriga\u00e7\u00e3o.<br \/>\n<strong>Balan\u00e7o da entrega das declara\u00e7\u00f5es do IRPF<\/strong><\/p>\n<p>At\u00e9 hoje (16\/3) \u00e0s 17 horas, \u00a03.457.439 declara\u00e7\u00f5es foram recebidas pelos sistemas da Receita. De acordo com o supervisor nacional do IR, auditor-fiscal Joaquim Adir, a expectativa \u00e9 de que 28,3 milh\u00f5es de contribuintes entreguem a declara\u00e7\u00e3o. O prazo de entrega da declara\u00e7\u00e3o vai at\u00e9 28 de abril.<\/p>\n<p>Neste ano o programa Receitanet foi incorporado ao PGD IRPF 2017, n\u00e3o sendo mais necess\u00e1ria a sua instala\u00e7\u00e3o em separado.<br \/>\nTodas as informa\u00e7\u00f5es sobre a declara\u00e7\u00e3o do IRPF 2017 est\u00e3o dispon\u00edveis <a href=\"http:\/\/idg.receita.fazenda.gov.br\/interface\/cidadao\/irpf\/2017\" target=\"_blank\">aqui<\/a>.<\/p>\n<p>Confira o <a href=\"http:\/\/idg.receita.fazenda.gov.br\/interface\/cidadao\/irpf\/2017\/perguntao\/pir-pf-2017-perguntas-e-respostas-versao-1-0-22022017.pdf\" target=\"_blank\">Pergunt\u00e3o 2017<\/a><\/p>\n","protected":false},"excerpt":{"rendered":"<p>A Receita Federal destaca alguns erros frequentes dos contribuintes no preenchimento da Declara\u00e7\u00e3o de Ajuste Anual do Imposto sobre a Renda da Pessoa F\u00edsica (DIRPF) e os modos de regularizar a situa\u00e7\u00e3o. 1 &#8211; Omiss\u00e3o de rendimentos do titular, em especial de uma segunda fonte, tais como honor\u00e1rios, alugueis e palestras. 2 &#8211; Omiss\u00e3o de rendimentos de dependente. 3 &#8211; [&hellip;]<\/p>\n","protected":false},"author":27,"featured_media":0,"comment_status":"open","ping_status":"closed","sticky":false,"template":"","format":"standard","meta":{"footnotes":""},"categories":[2719],"tags":[138,4720,5425,235,1602,5428,1604,891,2725,447,5427,5007,5429,1388,294,2485,2025,5426,546],"class_list":["post-4635","post","type-post","status-publish","format-standard","hentry","category-servidor","tag-alerta","tag-corrigir","tag-dependente","tag-despesas","tag-dirpf","tag-domesticas","tag-empregador","tag-empregados","tag-erros","tag-ir","tag-medicas","tag-omissao","tag-pendencia","tag-preenchimento","tag-receita-federal","tag-regularizar","tag-rendimentos","tag-retido","tag-situacao"],"_links":{"self":[{"href":"https:\/\/blogs.correiobraziliense.com.br\/servidor\/wp-json\/wp\/v2\/posts\/4635","targetHints":{"allow":["GET"]}}],"collection":[{"href":"https:\/\/blogs.correiobraziliense.com.br\/servidor\/wp-json\/wp\/v2\/posts"}],"about":[{"href":"https:\/\/blogs.correiobraziliense.com.br\/servidor\/wp-json\/wp\/v2\/types\/post"}],"author":[{"embeddable":true,"href":"https:\/\/blogs.correiobraziliense.com.br\/servidor\/wp-json\/wp\/v2\/users\/27"}],"replies":[{"embeddable":true,"href":"https:\/\/blogs.correiobraziliense.com.br\/servidor\/wp-json\/wp\/v2\/comments?post=4635"}],"version-history":[{"count":1,"href":"https:\/\/blogs.correiobraziliense.com.br\/servidor\/wp-json\/wp\/v2\/posts\/4635\/revisions"}],"predecessor-version":[{"id":4636,"href":"https:\/\/blogs.correiobraziliense.com.br\/servidor\/wp-json\/wp\/v2\/posts\/4635\/revisions\/4636"}],"wp:attachment":[{"href":"https:\/\/blogs.correiobraziliense.com.br\/servidor\/wp-json\/wp\/v2\/media?parent=4635"}],"wp:term":[{"taxonomy":"category","embeddable":true,"href":"https:\/\/blogs.correiobraziliense.com.br\/servidor\/wp-json\/wp\/v2\/categories?post=4635"},{"taxonomy":"post_tag","embeddable":true,"href":"https:\/\/blogs.correiobraziliense.com.br\/servidor\/wp-json\/wp\/v2\/tags?post=4635"}],"curies":[{"name":"wp","href":"https:\/\/api.w.org\/{rel}","templated":true}]}}