{"id":4626,"date":"2017-03-16T14:33:36","date_gmt":"2017-03-16T17:33:36","guid":{"rendered":"https:\/\/blogs.correiobraziliense.com.br\/servidor\/?p=4626"},"modified":"2017-03-16T14:33:36","modified_gmt":"2017-03-16T17:33:36","slug":"dia-21-de-marco-sindireceita-lanca-fronteirometro","status":"publish","type":"post","link":"https:\/\/blogs.correiobraziliense.com.br\/servidor\/dia-21-de-marco-sindireceita-lanca-fronteirometro\/","title":{"rendered":"Dia 21 de mar\u00e7o \u2013 Sindireceita lan\u00e7a Fronteir\u00f4metro"},"content":{"rendered":"<p><img loading=\"lazy\" decoding=\"async\" class=\"aligncenter size-full wp-image-99652\" src=\"http:\/\/sindireceita.org.br\/wp-content\/uploads\/2017\/03\/seminario-21-de-mar--o.jpg\" alt=\"\" width=\"900\" height=\"637\" \/><\/p>\n<p><em>O \u201cFronteir\u00f4metro\u201d ser\u00e1 lan\u00e7ado pelo Sindireceita no <strong>dia 21\u00a0de mar\u00e7o (ter\u00e7a-feira) em Bras\u00edlia\/DF<\/strong>, durante o semin\u00e1rio \u201cFluxo do Com\u00e9rcio Internacional brasileiro: desafios para o controle de fronteiras e para a seguran\u00e7a p\u00fablica\u201d. Participam do Semin\u00e1rio autoridades, especialistas em seguran\u00e7a e defesa e servidores que atuam nos \u00f3rg\u00e3os de Estado respons\u00e1veis pelo controle de fronteiras e pelo enfrentamento de crimes como contrabando, descaminho e tr\u00e1fico de drogas<\/em>.<\/p>\n<p>A corrente de com\u00e9rcio do Brasil cresceu mais de 70% nos \u00faltimos dez anos e ultrapassou em 2016 o valor de US$ 322 bilh\u00f5es. Somente no ano passado foram movimentadas mais de 998 milh\u00f5es de toneladas de cargas importadas e exportadas nos portos brasileiros e mais de 180 mil toneladas nos aeroportos. Nos terminais aeroportu\u00e1rios tamb\u00e9m ocorreu o aumento do n\u00famero de passageiros internacionais embarcando e desembarcando. A demanda por voos internacionais praticamente dobrou na \u00faltima d\u00e9cada, crescendo mais de 8% ao ano.<\/p>\n<p>Nos \u00faltimos anos tamb\u00e9m cresceu a movimenta\u00e7\u00e3o de cargas, ve\u00edculos e pessoas pela fronteira terrestre do Brasil que tem mais de 16,8 mil quil\u00f4metros, integrando 11 estados com uma faixa do territ\u00f3rio nacional que come\u00e7a na divisa com o Uruguai, passa pela Argentina, o Paraguai, a Bol\u00edvia, o Peru, a Col\u00f4mbia, a Guiana, a Guiana Francesa, o Suriname e a Venezuela.<\/p>\n<p>O controle de todo esse fluxo comercial, de ve\u00edculos e de pessoas \u00e9 realizado por diversos \u00f3rg\u00e3os da administra\u00e7\u00e3o federal, mas cabe \u00e0 Receita Federal do Brasil as principais a\u00e7\u00f5es de fiscaliza\u00e7\u00e3o do fluxo de importa\u00e7\u00f5es e exporta\u00e7\u00f5es, e demais atividades relacionadas ao com\u00e9rcio exterior brasileiro.<\/p>\n<p>Para dimensionar o desafio que \u00e9 controlar o fluxo do com\u00e9rcio internacional que ocorre pelos portos, aeroportos e fronteiras secas do pa\u00eds, os Analistas-Tribut\u00e1rios da Receita Federal do Brasil lan\u00e7am, <strong>no pr\u00f3ximo dia 21\u00a0de mar\u00e7o (ter\u00e7a-feira)<\/strong>, em Bras\u00edlia\/DF, o \u201cFronteir\u00f4metro\u201d. Com essa nova ferramenta, os Analistas-Tribut\u00e1rios apresentam proje\u00e7\u00f5es do volume de cargas, pessoas e ve\u00edculos que ingressam e saem do pa\u00eds, dando \u00e0 sociedade uma ideia de quantitativo no exato momento em que a consulta for feita.<\/p>\n<p>O presidente do Sindicato Nacional dos Analistas-Tribut\u00e1rios da Receita Federal do Brasil (Sindireceita), Geraldo Seixas, refor\u00e7a que o \u201cFronteir\u00f4metro\u201d tamb\u00e9m tem por objetivo mostrar a import\u00e2ncia da fiscaliza\u00e7\u00e3o e do controle aduaneiro, e os desafios impostos pelo crescimento do fluxo do com\u00e9rcio. \u201cCom esta nova ferramenta tamb\u00e9m pretendemos ampliar o debate sobre a import\u00e2ncia das a\u00e7\u00f5es de fiscaliza\u00e7\u00e3o e controle de nossas fronteiras. Nos \u00faltimos anos, n\u00e3o foi apenas o fluxo do com\u00e9rcio legal que cresceu. Com certeza aumentou tamb\u00e9m o ingresso no pa\u00eds de armas, muni\u00e7\u00f5es, drogas e produtos contrabandeados e contrafeitos\/pirataria. Com o \u201cFronteir\u00f4metro\u201d apresentamos a dimens\u00e3o do desafio enfrentado pelos \u00f3rg\u00e3os que atuam no controle de fronteiras e com\u00e9rcio exterior, assim como pretendemos alertar a sociedade e as autoridades do pa\u00eds para as fragilidades do controle de nossas fronteiras\u201d, destacou.<\/p>\n<p><strong>Fronteir\u00f4metro<\/strong><\/p>\n<p>O Fronteir\u00f4metro apresenta proje\u00e7\u00f5es para o ano de 2017 do fluxo do com\u00e9rcio exterior no Brasil. Para alcan\u00e7ar as proje\u00e7\u00f5es para o ano de 2017 foram considerados dados oficiais entre os anos de 2012 a 2016. Todas as informa\u00e7\u00f5es utilizadas s\u00e3o p\u00fablicas e fornecidas por Minist\u00e9rios, Ag\u00eancias e \u00f3rg\u00e3os oficiais que atuam diretamente com com\u00e9rcio exterior e meios de transportes.<\/p>\n<p>Com as proje\u00e7\u00f5es de entrada e sa\u00edda de pessoas, ve\u00edculos e cargas pelos modais mar\u00edtimo, a\u00e9reo e rodovi\u00e1rio, o \u201cFronteir\u00f4metro\u201d possibilita que se tenha uma dimens\u00e3o aproximada do fluxo do com\u00e9rcio internacional no exato momento da consulta, permitindo que o visitante tenha uma no\u00e7\u00e3o, por exemplo, do quantitativo de cargas importadas ou exportadas descarregadas e carregadas nos portos, ou quantos avi\u00f5es pousaram ou decolaram nos aeroportos brasileiros com o quantitativo de passageiros.<\/p>\n<p>De forma objetiva e com base em informa\u00e7\u00f5es oficiais e dados estat\u00edsticos, o \u201cFronteir\u00f4metro\u201d apresenta uma proje\u00e7\u00e3o simples do volume de cargas importados e exportados que ingressam no Brasil diariamente e, principalmente, estimativas que revelam qual o tratamento dado pela Aduana brasileira nas quest\u00f5es envolvendo o despacho aduaneiro.<\/p>\n<p>O \u201cFronteir\u00f4metro\u201d ser\u00e1 lan\u00e7ado pelo Sindireceita no <strong>dia 21\u00a0de mar\u00e7o (ter\u00e7a-feira) em Bras\u00edlia\/DF<\/strong>, durante o semin\u00e1rio \u201cFluxo do Com\u00e9rcio Internacional brasileiro: desafios para o controle de fronteiras e para a seguran\u00e7a p\u00fablica\u201d. Participam do Semin\u00e1rio autoridades, especialistas em seguran\u00e7a e defesa e servidores que atuam nos \u00f3rg\u00e3os de Estado respons\u00e1veis pelo controle de fronteiras e pelo enfrentamento de crimes como contrabando, descaminho e tr\u00e1fico de drogas.<\/p>\n<p>O Semin\u00e1rio ser\u00e1 composto por dois pain\u00e9is e ser\u00e3o debatidos os temas: \u201cEstruturas de Estado para o controle de fronteiras \u2013 desafio e propostas\u201d e \u201cA import\u00e2ncia da participa\u00e7\u00e3o social para a amplia\u00e7\u00e3o do debate sobre seguran\u00e7a p\u00fablica e para o fortalecimento do controle de fronteiras\u201d.<\/p>\n","protected":false},"excerpt":{"rendered":"<p>O \u201cFronteir\u00f4metro\u201d ser\u00e1 lan\u00e7ado pelo Sindireceita no dia 21\u00a0de mar\u00e7o (ter\u00e7a-feira) em Bras\u00edlia\/DF, durante o semin\u00e1rio \u201cFluxo do Com\u00e9rcio Internacional brasileiro: desafios para o controle de fronteiras e para a seguran\u00e7a p\u00fablica\u201d. Participam do Semin\u00e1rio autoridades, especialistas em seguran\u00e7a e defesa e servidores que atuam nos \u00f3rg\u00e3os de Estado respons\u00e1veis pelo controle de fronteiras e pelo enfrentamento de crimes como [&hellip;]<\/p>\n","protected":false},"author":27,"featured_media":0,"comment_status":"open","ping_status":"closed","sticky":false,"template":"","format":"standard","meta":{"footnotes":""},"categories":[2719],"tags":[603,2803,4901,5412,1642,5413,5414,4452,2767,5411,1071,2766,267,459,2039],"class_list":["post-4626","post","type-post","status-publish","format-standard","hentry","category-servidor","tag-aeroportos","tag-cargas","tag-comercio","tag-contrabando","tag-crimes","tag-descaminho","tag-drogas","tag-fluxo","tag-fronteiras","tag-fronteirometro","tag-internacional","tag-portos","tag-seminario","tag-sindireceita","tag-trafico"],"_links":{"self":[{"href":"https:\/\/blogs.correiobraziliense.com.br\/servidor\/wp-json\/wp\/v2\/posts\/4626","targetHints":{"allow":["GET"]}}],"collection":[{"href":"https:\/\/blogs.correiobraziliense.com.br\/servidor\/wp-json\/wp\/v2\/posts"}],"about":[{"href":"https:\/\/blogs.correiobraziliense.com.br\/servidor\/wp-json\/wp\/v2\/types\/post"}],"author":[{"embeddable":true,"href":"https:\/\/blogs.correiobraziliense.com.br\/servidor\/wp-json\/wp\/v2\/users\/27"}],"replies":[{"embeddable":true,"href":"https:\/\/blogs.correiobraziliense.com.br\/servidor\/wp-json\/wp\/v2\/comments?post=4626"}],"version-history":[{"count":1,"href":"https:\/\/blogs.correiobraziliense.com.br\/servidor\/wp-json\/wp\/v2\/posts\/4626\/revisions"}],"predecessor-version":[{"id":4627,"href":"https:\/\/blogs.correiobraziliense.com.br\/servidor\/wp-json\/wp\/v2\/posts\/4626\/revisions\/4627"}],"wp:attachment":[{"href":"https:\/\/blogs.correiobraziliense.com.br\/servidor\/wp-json\/wp\/v2\/media?parent=4626"}],"wp:term":[{"taxonomy":"category","embeddable":true,"href":"https:\/\/blogs.correiobraziliense.com.br\/servidor\/wp-json\/wp\/v2\/categories?post=4626"},{"taxonomy":"post_tag","embeddable":true,"href":"https:\/\/blogs.correiobraziliense.com.br\/servidor\/wp-json\/wp\/v2\/tags?post=4626"}],"curies":[{"name":"wp","href":"https:\/\/api.w.org\/{rel}","templated":true}]}}