{"id":4622,"date":"2017-03-16T12:33:46","date_gmt":"2017-03-16T15:33:46","guid":{"rendered":"https:\/\/blogs.correiobraziliense.com.br\/servidor\/?p=4622"},"modified":"2017-03-16T12:33:46","modified_gmt":"2017-03-16T15:33:46","slug":"sindifisco-debate-reforma-da-previdencia-com-especialistas-dia-20-em-sao-paulo","status":"publish","type":"post","link":"https:\/\/blogs.correiobraziliense.com.br\/servidor\/sindifisco-debate-reforma-da-previdencia-com-especialistas-dia-20-em-sao-paulo\/","title":{"rendered":"Sindifisco debate reforma da Previd\u00eancia com especialistas, dia 20, em S\u00e3o Paulo"},"content":{"rendered":"<p>O Sindicato Nacional dos Auditores Fiscais da Receita Federal (Sindifisco Nacional) realiza, \u00a0na pr\u00f3xima segunda-feira, o semin\u00e1rio <a href=\"http:\/\/www.sindifisconacional.org.br\/mod_download.php?id=aHR0cDovL3d3dy5zaW5kaWZpc2NvbmFjaW9uYWwub3JnLmJyL2ltYWdlcy9wdWJsaWNhY29lcy9ib2xldGlucy8yMDEzL01hcmNvL0JvbDg3Mi9Gb2xkZXJTZW1pbmFyaW8ucGRmfDA=\"><em>Reforma da Previd\u00eancia \u2013 Reformar hoje para garantir o amanh\u00e3 de quem?<\/em><\/a>, em S\u00e3o Paulo (SP). O evento esmi\u00fa\u00e7a a proposta do governo em tramita\u00e7\u00e3o no Congresso, o impacto sobre o trabalhador e os efeitos futuros.<\/p>\n<p>Ser\u00e3o quatro pain\u00e9is. O primeiro, <em>Sistema previdenci\u00e1rio brasileiro<\/em>, ter\u00e1 entre como palestrantes os auditores fiscais M\u00e1rio Pinho e Alcides Pinto. No segundo, <em>Regime pr\u00f3prio de previd\u00eancia do servidor p\u00fablico e regime complementar da Uni\u00e3o<\/em> ser\u00e1 apresentado pelo atu\u00e1rio Ant\u00f4nio M\u00e1rio Rattes. No terceiro, <em>PEC 287\/16 \u2013 A minimiza\u00e7\u00e3o da Previd\u00eancia Social<\/em>, a explana\u00e7\u00e3o ser\u00e1 de Clemente Ganz, diretor-t\u00e9cnico do Dieese. A economista e professora da UFRJ Denise Gentil faz a \u00faltima exposi\u00e7\u00e3o, <em>Contrarreforma da Previd\u00eancia<\/em>. Uma rodada de debates fecha a jornada.<\/p>\n<p><strong><em>V\u00eddeo institucional<\/em><\/strong> \u2013 Desde 10 de fevereiro, o Sindifisco Nacional disponibiliza pelas redes sociais o v\u00eddeo intitulado \u201cA mentira por tr\u00e1s do rombo na previd\u00eancia\u201d (pode ser visto aqui: <a href=\"https:\/\/youtu.be\/KVcEGyroVq0\"><strong>https:\/\/youtu.be\/KVcEGyroVq0<\/strong><\/a>). Mostra que a Seguridade Social tem servido de caixa para bancar outras despesas do governo que nada t\u00eam a ver com a Previd\u00eancia.<\/p>\n<p>A primeira-vice-presidente do Sindifisco Nacional, C\u00e2ndida Capozzolli, estar\u00e1 \u00e0 frente do encontro.<\/p>\n<p><u>Servi\u00e7o<\/u><\/p>\n<p><strong>O qu\u00ea?<\/strong> Semin\u00e1rio \u201c<a href=\"http:\/\/www.sindifisconacional.org.br\/mod_download.php?id=aHR0cDovL3d3dy5zaW5kaWZpc2NvbmFjaW9uYWwub3JnLmJyL2ltYWdlcy9wdWJsaWNhY29lcy9ib2xldGlucy8yMDEzL01hcmNvL0JvbDg3Mi9Gb2xkZXJTZW1pbmFyaW8ucGRmfDA=\">Reforma da Previd\u00eancia \u2013 Reformar hoje para garantir o amanh\u00e3 de quem?<\/a>\u201d. N\u00e3o \u00e9 preciso inscri\u00e7\u00e3o para acompanhar.<\/p>\n<p><strong>Quando?<\/strong> Dia 20 de mar\u00e7o, das 9h \u00e0s 13h.<\/p>\n<p><strong>Onde?<\/strong> Audit\u00f3rio do Minist\u00e9rio da Fazenda \u2013 Avenida Prestes Maia 733, 22\u00ba andar, Centro \u2013 S\u00e3o Paulo (SP).<\/p>\n","protected":false},"excerpt":{"rendered":"<p>O Sindicato Nacional dos Auditores Fiscais da Receita Federal (Sindifisco Nacional) realiza, \u00a0na pr\u00f3xima segunda-feira, o semin\u00e1rio Reforma da Previd\u00eancia \u2013 Reformar hoje para garantir o amanh\u00e3 de quem?, em S\u00e3o Paulo (SP). O evento esmi\u00fa\u00e7a a proposta do governo em tramita\u00e7\u00e3o no Congresso, o impacto sobre o trabalhador e os efeitos futuros. Ser\u00e3o quatro pain\u00e9is. O primeiro, Sistema previdenci\u00e1rio [&hellip;]<\/p>\n","protected":false},"author":27,"featured_media":0,"comment_status":"open","ping_status":"closed","sticky":false,"template":"","format":"standard","meta":{"footnotes":""},"categories":[2719],"tags":[31,100,847,2491,382,12,833,549,54,294,711,267,597,3088],"class_list":["post-4622","post","type-post","status-publish","format-standard","hentry","category-servidor","tag-auditores","tag-congresso","tag-debate","tag-efeitos","tag-especialistas","tag-fiscais","tag-impacto","tag-previdencia","tag-proposta","tag-receita-federal","tag-reforma","tag-seminario","tag-sindifisco","tag-trabalhador"],"_links":{"self":[{"href":"https:\/\/blogs.correiobraziliense.com.br\/servidor\/wp-json\/wp\/v2\/posts\/4622","targetHints":{"allow":["GET"]}}],"collection":[{"href":"https:\/\/blogs.correiobraziliense.com.br\/servidor\/wp-json\/wp\/v2\/posts"}],"about":[{"href":"https:\/\/blogs.correiobraziliense.com.br\/servidor\/wp-json\/wp\/v2\/types\/post"}],"author":[{"embeddable":true,"href":"https:\/\/blogs.correiobraziliense.com.br\/servidor\/wp-json\/wp\/v2\/users\/27"}],"replies":[{"embeddable":true,"href":"https:\/\/blogs.correiobraziliense.com.br\/servidor\/wp-json\/wp\/v2\/comments?post=4622"}],"version-history":[{"count":1,"href":"https:\/\/blogs.correiobraziliense.com.br\/servidor\/wp-json\/wp\/v2\/posts\/4622\/revisions"}],"predecessor-version":[{"id":4623,"href":"https:\/\/blogs.correiobraziliense.com.br\/servidor\/wp-json\/wp\/v2\/posts\/4622\/revisions\/4623"}],"wp:attachment":[{"href":"https:\/\/blogs.correiobraziliense.com.br\/servidor\/wp-json\/wp\/v2\/media?parent=4622"}],"wp:term":[{"taxonomy":"category","embeddable":true,"href":"https:\/\/blogs.correiobraziliense.com.br\/servidor\/wp-json\/wp\/v2\/categories?post=4622"},{"taxonomy":"post_tag","embeddable":true,"href":"https:\/\/blogs.correiobraziliense.com.br\/servidor\/wp-json\/wp\/v2\/tags?post=4622"}],"curies":[{"name":"wp","href":"https:\/\/api.w.org\/{rel}","templated":true}]}}