{"id":4614,"date":"2017-03-14T19:01:11","date_gmt":"2017-03-14T22:01:11","guid":{"rendered":"https:\/\/blogs.correiobraziliense.com.br\/servidor\/?p=4614"},"modified":"2017-03-14T19:01:11","modified_gmt":"2017-03-14T22:01:11","slug":"seguranca-publica-para-em-todo-o-pais-nesta-quarta-feira-15","status":"publish","type":"post","link":"https:\/\/blogs.correiobraziliense.com.br\/servidor\/seguranca-publica-para-em-todo-o-pais-nesta-quarta-feira-15\/","title":{"rendered":"Seguran\u00e7a p\u00fablica para em todo o pa\u00eds nesta quarta-feira (15)"},"content":{"rendered":"<p><em>Cerca de 300 mil policiais e agentes penitenci\u00e1rios do pa\u00eds far\u00e3o amanh\u00e3 em Bras\u00edlia e em todas as unidades federativas do pa\u00eds uma Assembleia Geral Nacional contra a reforma da Previd\u00eancia. A concentra\u00e7\u00e3o ser\u00e1 \u00e0s 10 horas em frente das Assembleias Legislativas dos Estados e \u00e0s 14 horas em frente ao Congresso Nacional.<\/em><\/p>\n<p>Os policiais e operadores de seguran\u00e7a p\u00fablica do pa\u00eds, representados pela Uni\u00e3o dos Policiais do Brasil &#8211; UPB, votar\u00e3o proposta de paralisa\u00e7\u00e3o nacional, caso o governo n\u00e3o acate as emendas que preservam direitos constitucionais das categorias, no relat\u00f3rio da comiss\u00e3o especial que analisa a PEC 287\/2016.<\/p>\n<p>A principal reivindica\u00e7\u00e3o diz respeito \u00e0 manuten\u00e7\u00e3o no texto constitucional da atividade de risco na aposentadoria policial, como acontece em outros pa\u00edses do mundo, tais como Estados Unidos, Fran\u00e7a, Chile e Inglaterra, que t\u00eam \u00edndices menores de viol\u00eancia contra os policiais do que no BRASIL, onde em m\u00e9dia morrem 500 policiais por ano, no exerc\u00edcio da profiss\u00e3o, a mais estressante do pa\u00eds.<\/p>\n<p><strong>A Uni\u00e3o dos Policiais do Brasil \u2013 UPB \u00e9 composta pelas entidades<\/strong>:<\/p>\n<p>Associa\u00e7\u00e3o Brasileira de Criminal\u00edstica \u2013 ABC<br \/>\nAssocia\u00e7\u00e3o Brasileira dos Papiloscopistas Policiais Federais \u2013 ABRAPOL<br \/>\nAssocia\u00e7\u00e3o das Pol\u00edcias do Congresso Nacional \u2013 APCN<br \/>\nAssocia\u00e7\u00e3o dos Agentes de Tr\u00e2nsito do Brasil \u2013 AGTBRASIL<br \/>\nAssocia\u00e7\u00e3o Nacional das Mulheres Policiais do Brasil \u2013 AMPOL<br \/>\nAssocia\u00e7\u00e3o Nacional dos Delegados de Pol\u00edcia Federal \u2013 ADPF<br \/>\nAssocia\u00e7\u00e3o Nacional dos Escriv\u00e3es Pol\u00edcia Federal \u2013 ANEPF<br \/>\nAssocia\u00e7\u00e3o Nacional dos Peritos Criminais Federais \u2013 APCF<br \/>\nAssocia\u00e7\u00e3o Nacional dos Servidores da Pol\u00edcia Federal \u2013 ANSEF<br \/>\nCentral \u00danica Nacional dos Policiais Federais \u2013 CENTRAPOL<br \/>\nComiss\u00e3o Nacional dos Policiais Ferrovi\u00e1rios Federais \u2013 CNPFF<br \/>\nConfedera\u00e7\u00e3o Brasileira de Trabalhadores Policiais Civis \u2013 COBRAPOL<br \/>\nConfer\u00eancia Nacional das Guardas Municipais \u2013 CONGM<br \/>\nConselho Nacional de Entidades Representativas de Servidores e Trabalhadores do Sistema Socioeducativo \u2013 CONASSE<br \/>\nFedera\u00e7\u00e3o Brasileira dos Servidores Penitenci\u00e1rios \u2013 FEBRASP<br \/>\nFedera\u00e7\u00e3o Nacional dos Delegados de Pol\u00edcia Federal \u2013 FENADEPOL<br \/>\nFedera\u00e7\u00e3o Nacional dos Peritos em Papiloscopia e Identifica\u00e7\u00e3o \u2013 FENAPPI<br \/>\nFedera\u00e7\u00e3o Nacional dos Policiais Federais \u2013 FENAPEF<br \/>\nFedera\u00e7\u00e3o Nacional dos Policiais Rodovi\u00e1rios Federais \u2013 FENAPRF<br \/>\nFedera\u00e7\u00e3o Nacional dos Servidores Penitenci\u00e1rios \u2013 FENASPEN<br \/>\nFedera\u00e7\u00e3o Nacional dos Sindicatos de Guardas Civis \u2013 FENAGUARDAS<br \/>\nOrdem dos Policiais do Brasil OPB Sindicato dos Delegados de Pol\u00edcia do DF \u2013 SINDEPO\/DF<br \/>\nSindicato dos Delegados de Pol\u00edcia Federal no DF \u2013 SINDEPOL\/DF<br \/>\nSindicato dos Peritos Oficiais Criminais do DF \u2013 SINDIPER\u00cdCIA\/DF<br \/>\nSindicato dos Policiais Civis do DF \u2013 SINPOL\/DF<br \/>\nSindicato dos Policiais Federais no DF \u2013 SINDIPOL\/DF<br \/>\nUni\u00e3o Nacional dos Policiais Legislativos \u2013 UNIPOLBR<\/p>\n","protected":false},"excerpt":{"rendered":"<p>Cerca de 300 mil policiais e agentes penitenci\u00e1rios do pa\u00eds far\u00e3o amanh\u00e3 em Bras\u00edlia e em todas as unidades federativas do pa\u00eds uma Assembleia Geral Nacional contra a reforma da Previd\u00eancia. A concentra\u00e7\u00e3o ser\u00e1 \u00e0s 10 horas em frente das Assembleias Legislativas dos Estados e \u00e0s 14 horas em frente ao Congresso Nacional. Os policiais e operadores de seguran\u00e7a p\u00fablica [&hellip;]<\/p>\n","protected":false},"author":27,"featured_media":0,"comment_status":"open","ping_status":"closed","sticky":false,"template":"","format":"standard","meta":{"footnotes":""},"categories":[2719],"tags":[5392,5393,693,198,506,549,147,711,208,4814],"class_list":["post-4614","post","type-post","status-publish","format-standard","hentry","category-servidor","tag-assembleia-geral-nacional","tag-concentracao","tag-congresso-nacional","tag-pais","tag-paralisacao","tag-previdencia","tag-publica","tag-reforma","tag-seguranca","tag-upb"],"_links":{"self":[{"href":"https:\/\/blogs.correiobraziliense.com.br\/servidor\/wp-json\/wp\/v2\/posts\/4614","targetHints":{"allow":["GET"]}}],"collection":[{"href":"https:\/\/blogs.correiobraziliense.com.br\/servidor\/wp-json\/wp\/v2\/posts"}],"about":[{"href":"https:\/\/blogs.correiobraziliense.com.br\/servidor\/wp-json\/wp\/v2\/types\/post"}],"author":[{"embeddable":true,"href":"https:\/\/blogs.correiobraziliense.com.br\/servidor\/wp-json\/wp\/v2\/users\/27"}],"replies":[{"embeddable":true,"href":"https:\/\/blogs.correiobraziliense.com.br\/servidor\/wp-json\/wp\/v2\/comments?post=4614"}],"version-history":[{"count":1,"href":"https:\/\/blogs.correiobraziliense.com.br\/servidor\/wp-json\/wp\/v2\/posts\/4614\/revisions"}],"predecessor-version":[{"id":4615,"href":"https:\/\/blogs.correiobraziliense.com.br\/servidor\/wp-json\/wp\/v2\/posts\/4614\/revisions\/4615"}],"wp:attachment":[{"href":"https:\/\/blogs.correiobraziliense.com.br\/servidor\/wp-json\/wp\/v2\/media?parent=4614"}],"wp:term":[{"taxonomy":"category","embeddable":true,"href":"https:\/\/blogs.correiobraziliense.com.br\/servidor\/wp-json\/wp\/v2\/categories?post=4614"},{"taxonomy":"post_tag","embeddable":true,"href":"https:\/\/blogs.correiobraziliense.com.br\/servidor\/wp-json\/wp\/v2\/tags?post=4614"}],"curies":[{"name":"wp","href":"https:\/\/api.w.org\/{rel}","templated":true}]}}