{"id":4610,"date":"2017-03-14T17:40:11","date_gmt":"2017-03-14T20:40:11","guid":{"rendered":"https:\/\/blogs.correiobraziliense.com.br\/servidor\/?p=4610"},"modified":"2017-03-14T17:40:11","modified_gmt":"2017-03-14T20:40:11","slug":"abono-salarial-do-pis-ano-base-2015-comeca-ser-pago-na-quinta-feira-16-para-nascidos-em-maio-e-junho","status":"publish","type":"post","link":"https:\/\/blogs.correiobraziliense.com.br\/servidor\/abono-salarial-do-pis-ano-base-2015-comeca-ser-pago-na-quinta-feira-16-para-nascidos-em-maio-e-junho\/","title":{"rendered":"Abono salarial do PIS ano-base 2015 come\u00e7a a ser pago na quinta-feira (16) para nascidos em maio e junho"},"content":{"rendered":"<p><em>Tamb\u00e9m recebem a partir dessa data servidores p\u00fablicos benefici\u00e1rios do Pasep com inscri\u00e7\u00f5es de finais 8 e 9<\/em><\/p>\n<p>O Minist\u00e9rio do Trabalho libera a partir desta quinta-feira (16) o pagamento do Abono Salarial do PIS\/Pasep ano-base 2015 para os trabalhadores nascidos nos meses de maio e junho. Tamb\u00e9m a partir desta data ser\u00e3o pagos os servidores p\u00fablicos com inscri\u00e7\u00f5es de finais 8 e 9. Os trabalhadores da iniciativa privada poder\u00e3o retirar o dinheiro em qualquer ag\u00eancia da Caixa do pa\u00eds. Os servidores sacam o valor no Banco do Brasil.<\/p>\n<p>\u201cEsses recursos ajudam milh\u00f5es de trabalhadores brasileiros, em especial os mais humildes, e impulsionam a economia. Todo trabalhador que tem direito ao abono deve sac\u00e1-lo, para que ele n\u00e3o fique sem os recursos, j\u00e1 que eles n\u00e3o s\u00e3o cumulativos de um ano para o outro\u201d, afirmou o ministro do Trabalho, Ronaldo Nogueira.<\/p>\n<p>Com o pagamento, o governo federal finaliza a libera\u00e7\u00e3o de recursos do Abono Salarial de 2015. O chefe de divis\u00e3o do Seguro-Desemprego e Abono Salarial do Minist\u00e9rio do Trabalho, M\u00e1rcio Ubiratan, lembra que os benef\u00edcios ficar\u00e3o dispon\u00edveis para saque at\u00e9 30 de junho. \u201cIndependentemente da data de anivers\u00e1rio do trabalhador, o prazo final para saque \u00e9 30 de junho. Depois dessa data, o valor retornar\u00e1 ao Fundo de Amparo ao Trabalhador (FAT)\u201d, explica.<\/p>\n<p>Tem direito ao abono ano-base 2015 quem trabalhou formalmente por pelo menos um m\u00eas naquele ano e teve remunera\u00e7\u00e3o m\u00e9dia mensal de at\u00e9 dois sal\u00e1rios m\u00ednimos. Al\u00e9m disso, o trabalhador tinha que estar inscrito no PIS\/Pasep h\u00e1 pelo menos cinco anos e ter tido seus dados corretamente informados pelo empregador na Rela\u00e7\u00e3o Anual de Informa\u00e7\u00f5es Sociais (RAIS).<\/p>\n<p>O valor do abono \u00e9 baseado no sal\u00e1rio m\u00ednimo vigente, que este ano est\u00e1 fixado em R$ 937, e \u00e9 proporcional aos meses trabalhados durante o ano-base. Quem trabalhou por apenas um m\u00eas, receber\u00e1 o equivalente a 1\/12 do sal\u00e1rio m\u00ednimo, e assim sucessivamente. Para receber o valor integral \u00e9 preciso ter trabalhado formalmente durante todo o ano de 2015.<\/p>\n<p>&nbsp;<\/p>\n","protected":false},"excerpt":{"rendered":"<p>Tamb\u00e9m recebem a partir dessa data servidores p\u00fablicos benefici\u00e1rios do Pasep com inscri\u00e7\u00f5es de finais 8 e 9 O Minist\u00e9rio do Trabalho libera a partir desta quinta-feira (16) o pagamento do Abono Salarial do PIS\/Pasep ano-base 2015 para os trabalhadores nascidos nos meses de maio e junho. Tamb\u00e9m a partir desta data ser\u00e3o pagos os servidores p\u00fablicos com inscri\u00e7\u00f5es de [&hellip;]<\/p>\n","protected":false},"author":27,"featured_media":0,"comment_status":"open","ping_status":"closed","sticky":false,"template":"","format":"standard","meta":{"footnotes":""},"categories":[2719],"tags":[5391,1773,1149,2841,2190,58,19],"class_list":["post-4610","post","type-post","status-publish","format-standard","hentry","category-servidor","tag-abono-salarial","tag-banco-do-brasil","tag-caixa","tag-ministerio-do-trabalho","tag-pispasep","tag-servidores","tag-trabalhadores"],"_links":{"self":[{"href":"https:\/\/blogs.correiobraziliense.com.br\/servidor\/wp-json\/wp\/v2\/posts\/4610","targetHints":{"allow":["GET"]}}],"collection":[{"href":"https:\/\/blogs.correiobraziliense.com.br\/servidor\/wp-json\/wp\/v2\/posts"}],"about":[{"href":"https:\/\/blogs.correiobraziliense.com.br\/servidor\/wp-json\/wp\/v2\/types\/post"}],"author":[{"embeddable":true,"href":"https:\/\/blogs.correiobraziliense.com.br\/servidor\/wp-json\/wp\/v2\/users\/27"}],"replies":[{"embeddable":true,"href":"https:\/\/blogs.correiobraziliense.com.br\/servidor\/wp-json\/wp\/v2\/comments?post=4610"}],"version-history":[{"count":1,"href":"https:\/\/blogs.correiobraziliense.com.br\/servidor\/wp-json\/wp\/v2\/posts\/4610\/revisions"}],"predecessor-version":[{"id":4611,"href":"https:\/\/blogs.correiobraziliense.com.br\/servidor\/wp-json\/wp\/v2\/posts\/4610\/revisions\/4611"}],"wp:attachment":[{"href":"https:\/\/blogs.correiobraziliense.com.br\/servidor\/wp-json\/wp\/v2\/media?parent=4610"}],"wp:term":[{"taxonomy":"category","embeddable":true,"href":"https:\/\/blogs.correiobraziliense.com.br\/servidor\/wp-json\/wp\/v2\/categories?post=4610"},{"taxonomy":"post_tag","embeddable":true,"href":"https:\/\/blogs.correiobraziliense.com.br\/servidor\/wp-json\/wp\/v2\/tags?post=4610"}],"curies":[{"name":"wp","href":"https:\/\/api.w.org\/{rel}","templated":true}]}}