{"id":461,"date":"2015-09-21T16:17:00","date_gmt":"2015-09-21T19:17:00","guid":{"rendered":"https:\/\/blogs.correiobraziliense.com.br\/servidor\/delegados_federais_participam_do_dia_nacional_de_mobilizacao\/"},"modified":"2016-05-13T19:31:32","modified_gmt":"2016-05-13T22:31:32","slug":"delegados_federais_participam_do_dia_nacional_de_mobilizacao","status":"publish","type":"post","link":"https:\/\/blogs.correiobraziliense.com.br\/servidor\/delegados_federais_participam_do_dia_nacional_de_mobilizacao\/","title":{"rendered":"DELEGADOS FEDERAIS PARTICIPAM DO DIA NACIONAL DE MOBILIZA\u00c7\u00c3O"},"content":{"rendered":"<p>Ato est\u00e1 marcado para a pr\u00f3xima quarta-feira (23) em todos os estados e no  Distrito Federal  <\/p>\n<p>Diante das atuais medidas de ajustes fiscais do governo federal,  os delegados de Pol\u00edcia Federal de todo pa\u00eds participar\u00e3o do Dia Nacional de  Mobiliza\u00e7\u00e3o, pela campanha salarial dos servidores federais e contra os  cortes apresentados pelo governo. Os atos ocorrer\u00e3o na pr\u00f3xima quarta-feira (23)  em todo o pa\u00eds, segundo informou a Associa\u00e7\u00e3o Nacional dos Delegados de Pol\u00edcia Federal (ADPF). No DF, o ato p\u00fablico ser\u00e1 a partir das 8h, em  frente ao Edif\u00edcio-Sede da Pol\u00edcia Federal. <\/p>\n<p>A decis\u00e3o, segundo a ADPF, foi tomada com base em indica\u00e7\u00e3o do F\u00f3rum das Entidades Nacionais dos  Servidores P\u00fablicos Federais e do F\u00f3rum Nacional das Carreiras T\u00edpicas de Estado  (Fonacate). <\/p>\n<p>Para o presidente da ADPF,  Marcos Le\u00f4ncio Ribeiro, \u201co fim do abono de perman\u00eancia e a suspens\u00e3o dos  concursos t\u00eam impacto direto e imediato na precariza\u00e7\u00e3o da PF, sobretudo no  combate \u00e0 corrup\u00e7\u00e3o\u201d. <\/p>\n<p>Os servidores reclamam da decis\u00e3o de adiar a data  do reajuste em 2016 de janeiro para agosto e tamb\u00e9m protestam contra o fim do  abono perman\u00eancia (isen\u00e7\u00e3o do pagamento do Plano de Seguridade Social do  Servidor), que reduzir\u00e1 em R$ 1,2 bilh\u00e3o os gastos federais. Outro ponto  discutido \u00e9 a n\u00e3o realiza\u00e7\u00e3o de novos concursos p\u00fablicos. <\/p>\n<p><i>Bras\u00edlia, 16h16min<\/i> <\/p>\n","protected":false},"excerpt":{"rendered":"<p>Ato est\u00e1 marcado para a pr\u00f3xima quarta-feira (23) em todos os estados e no Distrito Federal Diante das atuais medidas de ajustes fiscais do governo federal, os delegados de Pol\u00edcia Federal de todo pa\u00eds participar\u00e3o do Dia Nacional de Mobiliza\u00e7\u00e3o, pela campanha salarial dos servidores federais e contra os cortes apresentados pelo governo. Os atos ocorrer\u00e3o na pr\u00f3xima quarta-feira (23) [&hellip;]<\/p>\n","protected":false},"author":27,"featured_media":0,"comment_status":"open","ping_status":"closed","sticky":false,"template":"","format":"standard","meta":{"footnotes":""},"categories":[1],"tags":[],"class_list":["post-461","post","type-post","status-publish","format-standard","hentry","category-sem-categoria"],"_links":{"self":[{"href":"https:\/\/blogs.correiobraziliense.com.br\/servidor\/wp-json\/wp\/v2\/posts\/461","targetHints":{"allow":["GET"]}}],"collection":[{"href":"https:\/\/blogs.correiobraziliense.com.br\/servidor\/wp-json\/wp\/v2\/posts"}],"about":[{"href":"https:\/\/blogs.correiobraziliense.com.br\/servidor\/wp-json\/wp\/v2\/types\/post"}],"author":[{"embeddable":true,"href":"https:\/\/blogs.correiobraziliense.com.br\/servidor\/wp-json\/wp\/v2\/users\/27"}],"replies":[{"embeddable":true,"href":"https:\/\/blogs.correiobraziliense.com.br\/servidor\/wp-json\/wp\/v2\/comments?post=461"}],"version-history":[{"count":1,"href":"https:\/\/blogs.correiobraziliense.com.br\/servidor\/wp-json\/wp\/v2\/posts\/461\/revisions"}],"predecessor-version":[{"id":1651,"href":"https:\/\/blogs.correiobraziliense.com.br\/servidor\/wp-json\/wp\/v2\/posts\/461\/revisions\/1651"}],"wp:attachment":[{"href":"https:\/\/blogs.correiobraziliense.com.br\/servidor\/wp-json\/wp\/v2\/media?parent=461"}],"wp:term":[{"taxonomy":"category","embeddable":true,"href":"https:\/\/blogs.correiobraziliense.com.br\/servidor\/wp-json\/wp\/v2\/categories?post=461"},{"taxonomy":"post_tag","embeddable":true,"href":"https:\/\/blogs.correiobraziliense.com.br\/servidor\/wp-json\/wp\/v2\/tags?post=461"}],"curies":[{"name":"wp","href":"https:\/\/api.w.org\/{rel}","templated":true}]}}