{"id":4604,"date":"2017-03-14T17:16:21","date_gmt":"2017-03-14T20:16:21","guid":{"rendered":"https:\/\/blogs.correiobraziliense.com.br\/servidor\/?p=4604"},"modified":"2017-03-14T17:16:21","modified_gmt":"2017-03-14T20:16:21","slug":"informacoes-do-sindireceita-em-relacao-nota-mais-uma-briga-entre-auditores-e-analistas-da-receita","status":"publish","type":"post","link":"https:\/\/blogs.correiobraziliense.com.br\/servidor\/informacoes-do-sindireceita-em-relacao-nota-mais-uma-briga-entre-auditores-e-analistas-da-receita\/","title":{"rendered":"Informa\u00e7\u00f5es do Sindireceita em rela\u00e7\u00e3o \u00e0 nota &#8220;Mais uma briga entre auditores e analistas da Receita&#8221;"},"content":{"rendered":"<p>Em rela\u00e7\u00e3o \u00e0 nota \u201cMais uma briga entre auditores e analistas da Receita\u201d, a Diretoria Executiva Nacional do Sindireceita esclarece que, inicialmente, n\u00e3o foi procurada para expor seu posicionamento quanto \u00e0 tramita\u00e7\u00e3o da MP 765\/2016.<\/p>\n<p>Tamb\u00e9m \u00e9 preciso destacar que o Sindireceita, como representante dos Analistas-Tribut\u00e1rios da Receita Federal do Brasil, n\u00e3o se posiciona quanto a decis\u00f5es que s\u00e3o soberanas dos Partidos Pol\u00edticos e de suas lideran\u00e7as, como \u00e9 o caso da defini\u00e7\u00e3o de nomes e indica\u00e7\u00f5es de parlamentares para composi\u00e7\u00e3o de comiss\u00f5es e\/ou de relatoria de projetos e outras proposi\u00e7\u00f5es.<\/p>\n<p>Nossa atua\u00e7\u00e3o se limita \u00e0 defesa dos interesses dos nossos filiados, \u00e0 apresenta\u00e7\u00e3o de propostas visando a melhoria e a efici\u00eancia da administra\u00e7\u00e3o tribut\u00e1ria e aduaneira e ao fortalecimento da Receita Federal do Brasil. Estamos trabalhando no Congresso Nacional para apresentar aos deputados e senadores nossos argumentos visando a aprova\u00e7\u00e3o da MP 765\/2016, restrita \u00e0 pauta remunerat\u00f3ria, que \u00e9 urgente e relevante. Quanto aos demais pontos, que n\u00e3o dizem respeito ao acordo salarial assinado em mar\u00e7o de 2016, a Diretoria do Sindireceita segue trabalhando para mostrar que sejam tratados em outra oportunidade.<\/p>\n<p>Independente dos nomes apresentados pelos partidos para compor a Comiss\u00e3o Mista da MP 765\/2016, a Diretoria do Sindireceita e os Analistas-Tribut\u00e1rios, respeitosamente, apresentar\u00e3o seus argumentos e defender\u00e3o a aprova\u00e7\u00e3o da MP 765\/2006, nos itens que integram a pauta remunerat\u00f3ria. A Diretoria do Sindireceita refor\u00e7a que est\u00e1 sempre \u00e0 disposi\u00e7\u00e3o para prestar todos os esclarecimentos desejados pelo Blog do Servidor e pelo Correio Braziliense e que, de nossa parte, todos os nossos esfor\u00e7os est\u00e3o no sentido de buscar entendimentos, visando o fortalecimento da Receita Federal e a constru\u00e7\u00e3o de um ambiente no \u00f3rg\u00e3o o mais produtivo poss\u00edvel.<\/p>\n<p>Geraldo Seixas \u2013 Presidente do Sindireceita<\/p>\n","protected":false},"excerpt":{"rendered":"<p>Em rela\u00e7\u00e3o \u00e0 nota \u201cMais uma briga entre auditores e analistas da Receita\u201d, a Diretoria Executiva Nacional do Sindireceita esclarece que, inicialmente, n\u00e3o foi procurada para expor seu posicionamento quanto \u00e0 tramita\u00e7\u00e3o da MP 765\/2016. Tamb\u00e9m \u00e9 preciso destacar que o Sindireceita, como representante dos Analistas-Tribut\u00e1rios da Receita Federal do Brasil, n\u00e3o se posiciona quanto a decis\u00f5es que s\u00e3o soberanas [&hellip;]<\/p>\n","protected":false},"author":27,"featured_media":0,"comment_status":"open","ping_status":"closed","sticky":false,"template":"","format":"standard","meta":{"footnotes":""},"categories":[2719],"tags":[381,31,1502,1819,100,1298,3085,1256,5353,37,268,3335,1411,294,39,459],"class_list":["post-4604","post","type-post","status-publish","format-standard","hentry","category-servidor","tag-analistas","tag-auditores","tag-briga","tag-comissoes","tag-congresso","tag-deputados","tag-indicacoes","tag-liderancas","tag-mp-7652016","tag-nota","tag-parlamentares","tag-partidos","tag-politicos","tag-receita-federal","tag-senadores","tag-sindireceita"],"_links":{"self":[{"href":"https:\/\/blogs.correiobraziliense.com.br\/servidor\/wp-json\/wp\/v2\/posts\/4604","targetHints":{"allow":["GET"]}}],"collection":[{"href":"https:\/\/blogs.correiobraziliense.com.br\/servidor\/wp-json\/wp\/v2\/posts"}],"about":[{"href":"https:\/\/blogs.correiobraziliense.com.br\/servidor\/wp-json\/wp\/v2\/types\/post"}],"author":[{"embeddable":true,"href":"https:\/\/blogs.correiobraziliense.com.br\/servidor\/wp-json\/wp\/v2\/users\/27"}],"replies":[{"embeddable":true,"href":"https:\/\/blogs.correiobraziliense.com.br\/servidor\/wp-json\/wp\/v2\/comments?post=4604"}],"version-history":[{"count":1,"href":"https:\/\/blogs.correiobraziliense.com.br\/servidor\/wp-json\/wp\/v2\/posts\/4604\/revisions"}],"predecessor-version":[{"id":4605,"href":"https:\/\/blogs.correiobraziliense.com.br\/servidor\/wp-json\/wp\/v2\/posts\/4604\/revisions\/4605"}],"wp:attachment":[{"href":"https:\/\/blogs.correiobraziliense.com.br\/servidor\/wp-json\/wp\/v2\/media?parent=4604"}],"wp:term":[{"taxonomy":"category","embeddable":true,"href":"https:\/\/blogs.correiobraziliense.com.br\/servidor\/wp-json\/wp\/v2\/categories?post=4604"},{"taxonomy":"post_tag","embeddable":true,"href":"https:\/\/blogs.correiobraziliense.com.br\/servidor\/wp-json\/wp\/v2\/tags?post=4604"}],"curies":[{"name":"wp","href":"https:\/\/api.w.org\/{rel}","templated":true}]}}