{"id":4602,"date":"2017-03-14T17:11:54","date_gmt":"2017-03-14T20:11:54","guid":{"rendered":"https:\/\/blogs.correiobraziliense.com.br\/servidor\/?p=4602"},"modified":"2017-03-14T17:11:54","modified_gmt":"2017-03-14T20:11:54","slug":"nota-oficial-ministerio-do-trabalho","status":"publish","type":"post","link":"https:\/\/blogs.correiobraziliense.com.br\/servidor\/nota-oficial-ministerio-do-trabalho\/","title":{"rendered":"Nota Oficial &#8211; Minist\u00e9rio do Trabalho"},"content":{"rendered":"<p><em>Minist\u00e9rio do Trabalho \u00e9 contra divulga\u00e7\u00e3o de suposta lista suja do trabalho escravo<\/em><\/p>\n<p>Por meio de nota, o minist\u00e9rio informou que, com base na Lei 12.527\/2011 \u2013 Lei de Acesso \u00e0 Informa\u00e7\u00e3o \u2013 alguns \u00f3rg\u00e3os de comunica\u00e7\u00e3o divulgaram uma lista de empresas que foram autuadas em raz\u00e3o de poss\u00edvel submiss\u00e3o de trabalhadores a condi\u00e7\u00f5es de trabalho an\u00e1logas \u00e0 de escravo.<\/p>\n<p>&#8220;A lista divulgada n\u00e3o foi submetida aos requisitos da Portaria Interministerial n\u00ba 4 de 13 de maio de 2016, que se refere ao chamado Cadastro de Empregadores que Tenham Submetido Trabalhadores a Condi\u00e7\u00f5es An\u00e1logas \u00e0 de Escravo, do Minist\u00e9rio do Trabalho.<\/p>\n<p>O Minist\u00e9rio do Trabalho reafirma o prop\u00f3sito de garantir a seguran\u00e7a jur\u00eddica na divulga\u00e7\u00e3o do Cadastro de Empregadores que Tenham Submetido Trabalhadores a Condi\u00e7\u00f5es An\u00e1logas \u00e0 de Escravo&#8221;, destacou a nota.<\/p>\n<p>&nbsp;<\/p>\n","protected":false},"excerpt":{"rendered":"<p>Minist\u00e9rio do Trabalho \u00e9 contra divulga\u00e7\u00e3o de suposta lista suja do trabalho escravo Por meio de nota, o minist\u00e9rio informou que, com base na Lei 12.527\/2011 \u2013 Lei de Acesso \u00e0 Informa\u00e7\u00e3o \u2013 alguns \u00f3rg\u00e3os de comunica\u00e7\u00e3o divulgaram uma lista de empresas que foram autuadas em raz\u00e3o de poss\u00edvel submiss\u00e3o de trabalhadores a condi\u00e7\u00f5es de trabalho an\u00e1logas \u00e0 de escravo. [&hellip;]<\/p>\n","protected":false},"author":27,"featured_media":0,"comment_status":"open","ping_status":"closed","sticky":false,"template":"","format":"standard","meta":{"footnotes":""},"categories":[2719],"tags":[5384,2189,390,404,986,2841,37,5385,4548,19,261],"class_list":["post-4602","post","type-post","status-publish","format-standard","hentry","category-servidor","tag-autuadas","tag-divulgacao","tag-empresas","tag-escravo","tag-lista","tag-ministerio-do-trabalho","tag-nota","tag-submissao","tag-suja","tag-trabalhadores","tag-trabalho"],"_links":{"self":[{"href":"https:\/\/blogs.correiobraziliense.com.br\/servidor\/wp-json\/wp\/v2\/posts\/4602","targetHints":{"allow":["GET"]}}],"collection":[{"href":"https:\/\/blogs.correiobraziliense.com.br\/servidor\/wp-json\/wp\/v2\/posts"}],"about":[{"href":"https:\/\/blogs.correiobraziliense.com.br\/servidor\/wp-json\/wp\/v2\/types\/post"}],"author":[{"embeddable":true,"href":"https:\/\/blogs.correiobraziliense.com.br\/servidor\/wp-json\/wp\/v2\/users\/27"}],"replies":[{"embeddable":true,"href":"https:\/\/blogs.correiobraziliense.com.br\/servidor\/wp-json\/wp\/v2\/comments?post=4602"}],"version-history":[{"count":1,"href":"https:\/\/blogs.correiobraziliense.com.br\/servidor\/wp-json\/wp\/v2\/posts\/4602\/revisions"}],"predecessor-version":[{"id":4603,"href":"https:\/\/blogs.correiobraziliense.com.br\/servidor\/wp-json\/wp\/v2\/posts\/4602\/revisions\/4603"}],"wp:attachment":[{"href":"https:\/\/blogs.correiobraziliense.com.br\/servidor\/wp-json\/wp\/v2\/media?parent=4602"}],"wp:term":[{"taxonomy":"category","embeddable":true,"href":"https:\/\/blogs.correiobraziliense.com.br\/servidor\/wp-json\/wp\/v2\/categories?post=4602"},{"taxonomy":"post_tag","embeddable":true,"href":"https:\/\/blogs.correiobraziliense.com.br\/servidor\/wp-json\/wp\/v2\/tags?post=4602"}],"curies":[{"name":"wp","href":"https:\/\/api.w.org\/{rel}","templated":true}]}}