{"id":4594,"date":"2017-03-14T12:22:12","date_gmt":"2017-03-14T15:22:12","guid":{"rendered":"https:\/\/blogs.correiobraziliense.com.br\/servidor\/?p=4594"},"modified":"2017-03-14T12:22:12","modified_gmt":"2017-03-14T15:22:12","slug":"camara-discute-teletrabalho-e-justica-do-trabalho-esta-semana-na-reforma-trabalhista","status":"publish","type":"post","link":"https:\/\/blogs.correiobraziliense.com.br\/servidor\/camara-discute-teletrabalho-e-justica-do-trabalho-esta-semana-na-reforma-trabalhista\/","title":{"rendered":"C\u00e2mara discute teletrabalho e Justi\u00e7a do Trabalho esta semana na reforma trabalhista"},"content":{"rendered":"<p>Dois temas que despertam diretamente o interesse dos servidores do Poder Judici\u00e1rio Federal e MPU est\u00e3o na pauta da comiss\u00e3o especial que analisa a reforma trabalhista (<a href=\"http:\/\/www2.camara.leg.br\/atividade-legislativa\/comissoes\/comissoes-temporarias\/especiais\/55a-legislatura\/pl-6787-16-reforma-trabalhista\">PL\u00a0 6787\/16<\/a>) na C\u00e2mara dos Deputados, informou a Federa\u00e7\u00e3o Nacional dos Trabalhadores do Judici\u00e1rio Federal e do MPU (Fenajufe).<\/p>\n<p>Na quarta-feira (15) a comiss\u00e3o discute o sistema de teletrabalho. S\u00e3o convidados o presidente da Sociedade Brasileira de Teletrabalho e Teleatividades, Wolnei Tadeu Ferreira; e o presidente da Federa\u00e7\u00e3o Nacional das Empresas de Inform\u00e1tica, Edgar Serrano, al\u00e9m de ju\u00edzes e pesquisadores da \u00e1rea.<\/p>\n<p>Na quinta-feira (16) \u00e9 a vez da Justi\u00e7a do Trabalho entrar, mais uma vez, no radar dos parlamentares. Participam do debate a ministra do Tribunal Superior do Trabalho, Dela\u00edde Arantes; o presidente da Associa\u00e7\u00e3o Nacional dos Magistrados da Justi\u00e7a do Trabalho, Germano Silveira de Siqueira; o presidente da Associa\u00e7\u00e3o Nacional dos Procuradores do Trabalho, Angelo Fabiano; o diretor de Rela\u00e7\u00f5es Institucionais da Associa\u00e7\u00e3o Brasileira de Advogados Trabalhistas, Nilton Correia; al\u00e9m de ju\u00edzes, especialistas e do presidente da Confedera\u00e7\u00e3o Nacional dos Trabalhadores e Trabalhadoras na Agricultura Familiar do Brasil.<\/p>\n<p>A Fenajufe estar\u00e1 presente nestas audi\u00eancias para reafirmar, mais uma vez, seu compromisso com a garantia de manuten\u00e7\u00e3o dos direitos dos trabalhadores e com a preserva\u00e7\u00e3o da Justi\u00e7a do Trabalho. (<em>Com informa\u00e7\u00f5es da Ag\u00eancia C\u00e2mara<\/em>)<\/p>\n","protected":false},"excerpt":{"rendered":"<p>Dois temas que despertam diretamente o interesse dos servidores do Poder Judici\u00e1rio Federal e MPU est\u00e3o na pauta da comiss\u00e3o especial que analisa a reforma trabalhista (PL\u00a0 6787\/16) na C\u00e2mara dos Deputados, informou a Federa\u00e7\u00e3o Nacional dos Trabalhadores do Judici\u00e1rio Federal e do MPU (Fenajufe). Na quarta-feira (15) a comiss\u00e3o discute o sistema de teletrabalho. S\u00e3o convidados o presidente da [&hellip;]<\/p>\n","protected":false},"author":27,"featured_media":0,"comment_status":"open","ping_status":"closed","sticky":false,"template":"","format":"standard","meta":{"footnotes":""},"categories":[2719],"tags":[265,5374,5372,1150,193,1202,5373,64,260,621,2788,1235,711,1584,2157],"class_list":["post-4594","post","type-post","status-publish","format-standard","hentry","category-servidor","tag-advogados","tag-agricultura","tag-camar","tag-comissao","tag-discute","tag-especial","tag-fenajufe","tag-judiciario","tag-justica","tag-magistrados","tag-mpu","tag-procuradores","tag-reforma","tag-teletrabalho","tag-trabalhista"],"_links":{"self":[{"href":"https:\/\/blogs.correiobraziliense.com.br\/servidor\/wp-json\/wp\/v2\/posts\/4594","targetHints":{"allow":["GET"]}}],"collection":[{"href":"https:\/\/blogs.correiobraziliense.com.br\/servidor\/wp-json\/wp\/v2\/posts"}],"about":[{"href":"https:\/\/blogs.correiobraziliense.com.br\/servidor\/wp-json\/wp\/v2\/types\/post"}],"author":[{"embeddable":true,"href":"https:\/\/blogs.correiobraziliense.com.br\/servidor\/wp-json\/wp\/v2\/users\/27"}],"replies":[{"embeddable":true,"href":"https:\/\/blogs.correiobraziliense.com.br\/servidor\/wp-json\/wp\/v2\/comments?post=4594"}],"version-history":[{"count":1,"href":"https:\/\/blogs.correiobraziliense.com.br\/servidor\/wp-json\/wp\/v2\/posts\/4594\/revisions"}],"predecessor-version":[{"id":4595,"href":"https:\/\/blogs.correiobraziliense.com.br\/servidor\/wp-json\/wp\/v2\/posts\/4594\/revisions\/4595"}],"wp:attachment":[{"href":"https:\/\/blogs.correiobraziliense.com.br\/servidor\/wp-json\/wp\/v2\/media?parent=4594"}],"wp:term":[{"taxonomy":"category","embeddable":true,"href":"https:\/\/blogs.correiobraziliense.com.br\/servidor\/wp-json\/wp\/v2\/categories?post=4594"},{"taxonomy":"post_tag","embeddable":true,"href":"https:\/\/blogs.correiobraziliense.com.br\/servidor\/wp-json\/wp\/v2\/tags?post=4594"}],"curies":[{"name":"wp","href":"https:\/\/api.w.org\/{rel}","templated":true}]}}