{"id":4592,"date":"2017-03-14T11:54:43","date_gmt":"2017-03-14T14:54:43","guid":{"rendered":"https:\/\/blogs.correiobraziliense.com.br\/servidor\/?p=4592"},"modified":"2017-03-14T11:54:43","modified_gmt":"2017-03-14T14:54:43","slug":"pm-do-df-apressam-aposentadoria","status":"publish","type":"post","link":"https:\/\/blogs.correiobraziliense.com.br\/servidor\/pm-do-df-apressam-aposentadoria\/","title":{"rendered":"PM do DF apressam aposentadoria"},"content":{"rendered":"<p><em>Para fugir da reforma da Previd\u00eancia, 1.257 policiais militares pedem passagem para reserva de janeiro ao in\u00edcio do m\u00eas<\/em><\/p>\n<p><em><strong>Tainan Pimentel*<\/strong><\/em><\/p>\n<p>De janeiro at\u00e9 o in\u00edcio de mar\u00e7o deste ano, 1.257 policiais passaram para a reserva remunerada no DF, uma esp\u00e9cie de aposentadoria em que o policial \u00e9 afastado do trabalho, podendo ser convocado a se reapresentar a qualquer momento. O n\u00famero equivale a pouco mais de 10% do total do efetivo, que \u00e9 de 12.015, segundo dados Pol\u00edcia Militar do Distrito Federal. O n\u00famero foi divulgado no Di\u00e1rio Oficial do DF.<\/p>\n<p>O receio de serem inclu\u00eddos nas mudan\u00e7as das regras previdenci\u00e1rias, falta de plano de carreira e tratamento desigual entre cabos e oficiais s\u00e3o motivos apontados por rec\u00e9m-aposentados e por policiais na ativa para crescente onda de aposentadorias.<\/p>\n<p>Um policial rec\u00e9m-aposentado, que preferiu n\u00e3o se identificar, disse ao Correio que completou, em 2016, 27 anos de carreira. O temor da inclus\u00e3o da categoria na Proposta de Emenda \u00e0 Constitui\u00e7\u00e3o (PEC) 287\/2016, conhecida como reforma da Previd\u00eancia, de acordo com ele, \u00e9 o que tem levado ao aumento dos pedidos de aposentadoria pelos policiais. \u201cIsso levou muita gente a se aposentar agora. Se isso acontecer e a proposta for aprovada, ter\u00edamos de trabalhar mais tempo. A gente lida com uma situa\u00e7\u00e3o que n\u00e3o \u00e9 f\u00e1cil. Aumentar o tempo, pioraria ainda mais\u201d, justifica.<\/p>\n<p>De acordo com as atuais regras, os PMs podem se aposentar com, no m\u00ednimo, 30 anos de servi\u00e7o, incluindo tempo de trabalho como n\u00e3o militar. O tempo n\u00e3o pode ultrapassar 35 anos.<\/p>\n<p>Outro temor da categoria, apontado por um policial rec\u00e9m-aposentado que n\u00e3o quis se identificar, \u00e9 o da cria\u00e7\u00e3o de um teto salarial para as aposentadorias, que pela PEC seria o teto do Instituto Nacional do Seguro Social (INSS), de R$ 5.579. As regras atuais garantem ao policial que se aposenta o valor correspondente ao \u00faltimo sal\u00e1rio. \u201cN\u00e3o temos direito a FGTS. N\u00e3o temos direito a nada, al\u00e9m da aposentadoria. Por isso, muitos decidiram se aposentar agora, para garantir o sal\u00e1rio integral\u201d, explica.<\/p>\n<p>Um levantamento a que o Correio teve acesso mostra que o DF tem, atualmente, 3.501 policiais militares na ativa, com idade entre 46 e 54 anos. Esses militares, segundo algumas fontes, poder\u00e3o se aposentar nos pr\u00f3ximos quatro anos.<\/p>\n<p><strong>PEC 287<\/strong><\/p>\n<p>A Proposta de Emenda \u00e0 Constitui\u00e7\u00e3o 287\/2016, que altera as regras da previd\u00eancia, por enquanto, n\u00e3o inclui a Pol\u00edcia Militar, assim como \u00e0s For\u00e7as Armadas e o Corpo de Bombeiros. A proposi\u00e7\u00e3o, que tramita na C\u00e2mara dos Deputados tem recebido cr\u00edticas por n\u00e3o incluir a categoria na reforma. Outras categorias da seguran\u00e7a p\u00fablica, como a de policiais civis, federais, rodovi\u00e1rios, legislativos e penitenci\u00e1rios tamb\u00e9m pedem para serem exclu\u00eddas da proposta enviada ao Congresso.<\/p>\n<p><em>*Estagi\u00e1rio sob supervis\u00e3o de Ana Let\u00edcia Le\u00e3o.<\/em><\/p>\n","protected":false},"excerpt":{"rendered":"<p>Para fugir da reforma da Previd\u00eancia, 1.257 policiais militares pedem passagem para reserva de janeiro ao in\u00edcio do m\u00eas Tainan Pimentel* De janeiro at\u00e9 o in\u00edcio de mar\u00e7o deste ano, 1.257 policiais passaram para a reserva remunerada no DF, uma esp\u00e9cie de aposentadoria em que o policial \u00e9 afastado do trabalho, podendo ser convocado a se reapresentar a qualquer momento. [&hellip;]<\/p>\n","protected":false},"author":27,"featured_media":0,"comment_status":"open","ping_status":"closed","sticky":false,"template":"","format":"standard","meta":{"footnotes":""},"categories":[2719],"tags":[6,5371,68,685,51,3163,110,549,711,702],"class_list":["post-4592","post","type-post","status-publish","format-standard","hentry","category-servidor","tag-aposentadoria","tag-apressam","tag-df","tag-fgts","tag-militares","tag-pm","tag-policiais","tag-previdencia","tag-reforma","tag-reserva"],"_links":{"self":[{"href":"https:\/\/blogs.correiobraziliense.com.br\/servidor\/wp-json\/wp\/v2\/posts\/4592","targetHints":{"allow":["GET"]}}],"collection":[{"href":"https:\/\/blogs.correiobraziliense.com.br\/servidor\/wp-json\/wp\/v2\/posts"}],"about":[{"href":"https:\/\/blogs.correiobraziliense.com.br\/servidor\/wp-json\/wp\/v2\/types\/post"}],"author":[{"embeddable":true,"href":"https:\/\/blogs.correiobraziliense.com.br\/servidor\/wp-json\/wp\/v2\/users\/27"}],"replies":[{"embeddable":true,"href":"https:\/\/blogs.correiobraziliense.com.br\/servidor\/wp-json\/wp\/v2\/comments?post=4592"}],"version-history":[{"count":1,"href":"https:\/\/blogs.correiobraziliense.com.br\/servidor\/wp-json\/wp\/v2\/posts\/4592\/revisions"}],"predecessor-version":[{"id":4593,"href":"https:\/\/blogs.correiobraziliense.com.br\/servidor\/wp-json\/wp\/v2\/posts\/4592\/revisions\/4593"}],"wp:attachment":[{"href":"https:\/\/blogs.correiobraziliense.com.br\/servidor\/wp-json\/wp\/v2\/media?parent=4592"}],"wp:term":[{"taxonomy":"category","embeddable":true,"href":"https:\/\/blogs.correiobraziliense.com.br\/servidor\/wp-json\/wp\/v2\/categories?post=4592"},{"taxonomy":"post_tag","embeddable":true,"href":"https:\/\/blogs.correiobraziliense.com.br\/servidor\/wp-json\/wp\/v2\/tags?post=4592"}],"curies":[{"name":"wp","href":"https:\/\/api.w.org\/{rel}","templated":true}]}}