{"id":458,"date":"2015-09-21T11:48:00","date_gmt":"2015-09-21T14:48:00","guid":{"rendered":"https:\/\/blogs.correiobraziliense.com.br\/servidor\/sindjus-df_orienta_pressao_maxima_pela_derrubada_do_veto_26\/"},"modified":"2016-05-13T19:31:36","modified_gmt":"2016-05-13T22:31:36","slug":"sindjus-df_orienta_pressao_maxima_pela_derrubada_do_veto_26","status":"publish","type":"post","link":"https:\/\/blogs.correiobraziliense.com.br\/servidor\/sindjus-df_orienta_pressao_maxima_pela_derrubada_do_veto_26\/","title":{"rendered":"SINDJUS-DF ORIENTA PRESS\u00c3O M\u00c1XIMA PELA DERRUBADA DO VETO 26"},"content":{"rendered":"<p>O  Comando de Greve do Sindicato dos Servidores do Poder Judici\u00e1rio (Sindjus-DF), na \u00faltima sexta-feira, avaliou que todos devem se mobilizar, com for\u00e7a  total, para a derrubada do Veto 26. Os servidores do MPU tamb\u00e9m devem  ajudar, pois a queda do veto abre precedente  para o restabelecimento do PLC 41 original. A previs\u00e3o \u00e9 de trabalhos no  Aeroporto e no Congresso, al\u00e9m da mobiliza\u00e7\u00e3o nos locais de trabalho  para chamar os colegas a fazer no dia 22 o maior ato de nossa hist\u00f3ria<strong>CALEND\u00c1RIO:<\/strong> <strong> <\/strong><strong><\/strong><strong><\/strong><strong>Segunda-feira (21\/9)<\/strong>  Trabalho no Aeroporto das 14 \u00e0s 21h;  Trabalho no Congresso Nacional;  Arrast\u00f5es. <strong> Ter\u00e7a-feira (22\/9)<\/strong>  Apag\u00e3o;  Trabalho no Aeroporto das 8 \u00e0s 15h;  Ato Nacional \u00e0s 16h, com concentra\u00e7\u00e3o no Gramado do Congresso Nacional (Alameda dos Estados). <strong>Quinta-feira (24\/9)<\/strong>  Reuni\u00e3o do Comando de greve, \u00e0s 9h;  Assembleia-Geral, \u00e0s 14h30. <strong>ENCAMINHAMENTOS:<\/strong>  Fazer uma nota esclarecendo a doa\u00e7\u00e3o ao MRP;  Orientar os servidores a levarem lanternas, pulseiras de neon e celulares para o ato;  Entre o revezamento de vuvuzelas, colocar o \u00e1udio dos parlamentares da sess\u00e3o do dia 30 no carro de som at\u00e9 o hor\u00e1rio da sess\u00e3o;  Designar uma pessoa no Ato e uma pessoa dentro do Congresso para comunica\u00e7\u00e3o em tempo real;  Solicitar \u00e0 Fenajufe que oriente os sindicatos a trazerem as bandeiras dos Estados;  Trabalhar nesse final de semana o convencimento dos parlamentares nas redes sociais;  Fazer arrast\u00e3o de carro de som chamando para o ato;  Solicitar \u00e0 Fenajufe que coloque tel\u00e3o no ato;   Sindjus encaminhar of\u00edcios aos tribunais pedindo antecipa\u00e7\u00e3o do encerramento do expediente pelo menos at\u00e9 18h no dia 22;  Chamar Food Trucks para o ato;  Produzir faixa: derruba o veto hoje;  Produzir melecas: Dia 22 eu vou, venha comigo;  Pedir \u00e0s associa\u00e7\u00f5es dos tribunais para divulgarem o Ato do dia 22.<i>Bras\u00edlia, 11h48min<\/i>                                                                                                               <\/p>\n","protected":false},"excerpt":{"rendered":"<p>O Comando de Greve do Sindicato dos Servidores do Poder Judici\u00e1rio (Sindjus-DF), na \u00faltima sexta-feira, avaliou que todos devem se mobilizar, com for\u00e7a total, para a derrubada do Veto 26. Os servidores do MPU tamb\u00e9m devem ajudar, pois a queda do veto abre precedente para o restabelecimento do PLC 41 original. A previs\u00e3o \u00e9 de trabalhos no Aeroporto e no [&hellip;]<\/p>\n","protected":false},"author":27,"featured_media":0,"comment_status":"open","ping_status":"closed","sticky":false,"template":"","format":"standard","meta":{"footnotes":""},"categories":[1],"tags":[],"class_list":["post-458","post","type-post","status-publish","format-standard","hentry","category-sem-categoria"],"_links":{"self":[{"href":"https:\/\/blogs.correiobraziliense.com.br\/servidor\/wp-json\/wp\/v2\/posts\/458","targetHints":{"allow":["GET"]}}],"collection":[{"href":"https:\/\/blogs.correiobraziliense.com.br\/servidor\/wp-json\/wp\/v2\/posts"}],"about":[{"href":"https:\/\/blogs.correiobraziliense.com.br\/servidor\/wp-json\/wp\/v2\/types\/post"}],"author":[{"embeddable":true,"href":"https:\/\/blogs.correiobraziliense.com.br\/servidor\/wp-json\/wp\/v2\/users\/27"}],"replies":[{"embeddable":true,"href":"https:\/\/blogs.correiobraziliense.com.br\/servidor\/wp-json\/wp\/v2\/comments?post=458"}],"version-history":[{"count":1,"href":"https:\/\/blogs.correiobraziliense.com.br\/servidor\/wp-json\/wp\/v2\/posts\/458\/revisions"}],"predecessor-version":[{"id":1654,"href":"https:\/\/blogs.correiobraziliense.com.br\/servidor\/wp-json\/wp\/v2\/posts\/458\/revisions\/1654"}],"wp:attachment":[{"href":"https:\/\/blogs.correiobraziliense.com.br\/servidor\/wp-json\/wp\/v2\/media?parent=458"}],"wp:term":[{"taxonomy":"category","embeddable":true,"href":"https:\/\/blogs.correiobraziliense.com.br\/servidor\/wp-json\/wp\/v2\/categories?post=458"},{"taxonomy":"post_tag","embeddable":true,"href":"https:\/\/blogs.correiobraziliense.com.br\/servidor\/wp-json\/wp\/v2\/tags?post=458"}],"curies":[{"name":"wp","href":"https:\/\/api.w.org\/{rel}","templated":true}]}}