{"id":456,"date":"2015-09-18T18:04:00","date_gmt":"2015-09-18T21:04:00","guid":{"rendered":"https:\/\/blogs.correiobraziliense.com.br\/servidor\/policia_federal_-_vi_seminario_de_pericia_de_crimes_ambientais\/"},"modified":"2016-05-13T19:31:40","modified_gmt":"2016-05-13T22:31:40","slug":"policia_federal_-_vi_seminario_de_pericia_de_crimes_ambientais","status":"publish","type":"post","link":"https:\/\/blogs.correiobraziliense.com.br\/servidor\/policia_federal_-_vi_seminario_de_pericia_de_crimes_ambientais\/","title":{"rendered":"POL\u00cdCIA FEDERAL &#8211; VI SEMIN\u00c1RIO DE PER\u00cdCIA DE CRIMES AMBIENTAIS"},"content":{"rendered":"<p><i>A  Pol\u00edcia Federal produzir\u00e1 entre os dias 21 e 25 de setembro, em  Bras\u00edlia, o VI Semin\u00e1rio de Per\u00edcias de Crimes Ambientais. O evento  ocorre a cada dois anos.<\/i> <\/p>\n<p>De acordo com a PF, um  dos principais objetivos do encontro \u00e9 permitir a troca de experi\u00eancias  entre os participantes e, a partir disso, a discuss\u00e3o das peculiaridades do trabalho na \u00e1rea ambiental,  inclusive&nbsp; novas tecnologias aplicadas \u00e0 per\u00edcia ambiental. <\/p>\n<p>Neste  ano, v\u00e1rios temas ser\u00e3o apresentados ao longo dos cinco dias de curso,  como o Cadastro Ambiental Rural, o Novo C\u00f3digo Florestal, a valora\u00e7\u00e3o  ambiental, o uso de imagens de sat\u00e9lite para detec\u00e7\u00e3o de explora\u00e7\u00e3o de  florestas nativas, as per\u00edcias em fauna, madeira e o uso de ve\u00edculos  a\u00e9reos n\u00e3o-tripulados em levantamentos de minera\u00e7\u00e3o e outras aplica\u00e7\u00f5es  em per\u00edcias ambientais. <\/p>\n<p>As  palestras ser\u00e3o proferidas por especialistas na \u00e1rea, incluindo peritos  criminais federais, procuradores federais, ju\u00edzes e servidores do  Ibama, Servi\u00e7o Florestal Brasileiro, INPE, Ibram, Inmetro, Emater\/DF,  entre outros. <\/p>\n<p>O  VI Semin\u00e1rio de Per\u00edcias de Crimes Ambientais \u00e9 organizado pela  Associa\u00e7\u00e3o Nacional dos Peritos Criminais Federais da Pol\u00edcia Federal  (APCF). Est\u00e3o dispon\u00edveis 80 vagas para o evento, que ter\u00e1 carga  hor\u00e1ria total de 32 horas.&nbsp;<b>Servi\u00e7o<\/b>VI Semin\u00e1rio de Per\u00edcias de Crimes AmbientaisLocal: Audit\u00f3rio da Coordena\u00e7\u00e3o-Geral de Tecnologia da Informa\u00e7\u00e3o, no Setor Policial Sul, Bras\u00edlia\/DFAbertura: 21\/09\/2015 \u00e0s 14h<i> <\/p>\n<p><\/i><i>Bras\u00edlia, 18h04min<\/i>   <\/p>\n","protected":false},"excerpt":{"rendered":"<p>A Pol\u00edcia Federal produzir\u00e1 entre os dias 21 e 25 de setembro, em Bras\u00edlia, o VI Semin\u00e1rio de Per\u00edcias de Crimes Ambientais. O evento ocorre a cada dois anos. De acordo com a PF, um dos principais objetivos do encontro \u00e9 permitir a troca de experi\u00eancias entre os participantes e, a partir disso, a discuss\u00e3o das peculiaridades do trabalho na [&hellip;]<\/p>\n","protected":false},"author":27,"featured_media":0,"comment_status":"open","ping_status":"closed","sticky":false,"template":"","format":"standard","meta":{"footnotes":""},"categories":[1],"tags":[],"class_list":["post-456","post","type-post","status-publish","format-standard","hentry","category-sem-categoria"],"_links":{"self":[{"href":"https:\/\/blogs.correiobraziliense.com.br\/servidor\/wp-json\/wp\/v2\/posts\/456","targetHints":{"allow":["GET"]}}],"collection":[{"href":"https:\/\/blogs.correiobraziliense.com.br\/servidor\/wp-json\/wp\/v2\/posts"}],"about":[{"href":"https:\/\/blogs.correiobraziliense.com.br\/servidor\/wp-json\/wp\/v2\/types\/post"}],"author":[{"embeddable":true,"href":"https:\/\/blogs.correiobraziliense.com.br\/servidor\/wp-json\/wp\/v2\/users\/27"}],"replies":[{"embeddable":true,"href":"https:\/\/blogs.correiobraziliense.com.br\/servidor\/wp-json\/wp\/v2\/comments?post=456"}],"version-history":[{"count":1,"href":"https:\/\/blogs.correiobraziliense.com.br\/servidor\/wp-json\/wp\/v2\/posts\/456\/revisions"}],"predecessor-version":[{"id":1656,"href":"https:\/\/blogs.correiobraziliense.com.br\/servidor\/wp-json\/wp\/v2\/posts\/456\/revisions\/1656"}],"wp:attachment":[{"href":"https:\/\/blogs.correiobraziliense.com.br\/servidor\/wp-json\/wp\/v2\/media?parent=456"}],"wp:term":[{"taxonomy":"category","embeddable":true,"href":"https:\/\/blogs.correiobraziliense.com.br\/servidor\/wp-json\/wp\/v2\/categories?post=456"},{"taxonomy":"post_tag","embeddable":true,"href":"https:\/\/blogs.correiobraziliense.com.br\/servidor\/wp-json\/wp\/v2\/tags?post=456"}],"curies":[{"name":"wp","href":"https:\/\/api.w.org\/{rel}","templated":true}]}}