{"id":4559,"date":"2017-03-10T10:31:10","date_gmt":"2017-03-10T13:31:10","guid":{"rendered":"https:\/\/blogs.correiobraziliense.com.br\/servidor\/?p=4559"},"modified":"2017-03-10T10:31:10","modified_gmt":"2017-03-10T13:31:10","slug":"defensores-publicos-federais-seminario-sobre-atuacao-da-dpu-e-dos-movimentos-sociais","status":"publish","type":"post","link":"https:\/\/blogs.correiobraziliense.com.br\/servidor\/defensores-publicos-federais-seminario-sobre-atuacao-da-dpu-e-dos-movimentos-sociais\/","title":{"rendered":"Defensores p\u00fablicos federais &#8211; semin\u00e1rio sobre a atua\u00e7\u00e3o da DPU e dos Movimentos Sociais"},"content":{"rendered":"<p style=\"text-align: left\" align=\"center\"><em><span style=\"font-size: 12pt\">Organizado pela DPU Recife na semana do Dia Internacional da Mulher, o debate, <\/span><\/em><em>aberto ao p\u00fablico, priorizar\u00e1 a discuss\u00e3o sobre os direitos das mulheres<\/em><\/p>\n<p>Hoje, 10 de mar\u00e7o, a Defensoria P\u00fablica da Uni\u00e3o (DPU) no Recife, com o apoio da Associa\u00e7\u00e3o Nacional dos Defensores P\u00fablicos Federais (Anadef), faz o semin\u00e1rio &#8220;Defensoria P\u00fablica e Movimentos Sociais&#8221;. A proposta do evento, na semana de homenagens ao Dia Internacional da Mulher, \u00e9 discutir prioritariamente temas da esfera feminina, debatendo o papel da DPU e dos Movimentos Sociais na luta pelo respeito aos direitos das mulheres. O semin\u00e1rio \u00e9 aberto ao p\u00fablico e a entrada, gratuita.<\/p>\n<p>A programa\u00e7\u00e3o do evento inclui prele\u00e7\u00f5es de defensores p\u00fablicos federais especialistas em \u00e1reas como criminal, previdenci\u00e1ria, c\u00edvel e atendimento a grupos vulner\u00e1veis. Representantes de Movimentos Sociais como SOS Corpo e Coletivo Feminista Diadorim tamb\u00e9m far\u00e3o exposi\u00e7\u00f5es sobre temas relativos \u00e0 negritude, viol\u00eancia contra a mulher, transexualidade e feminismo. Entre os palestrantes, estar\u00e1 ainda a defensora p\u00fablica federal e presidente da Anadef, Michelle Leite.<\/p>\n<p>\u201cDiscutiremos o papel da mulher no sistema de Justi\u00e7a a partir de uma reflex\u00e3o acerca da efici\u00eancia e credibilidade do sistema frente \u00e0s demandas femininas, em especial \u00e0 viol\u00eancia dom\u00e9stica, conjugal e familiar, que carece de visibilidade. Urgente \u00e9 chamar a aten\u00e7\u00e3o para a soberania da cultura patriarcal, que legitima a viol\u00eancia praticada na inten\u00e7\u00e3o de subjugar a mulher. Debateremos as desigualdades de g\u00eanero nas rela\u00e7\u00f5es sociais e afetivas e as medidas cab\u00edveis ao Estado para enfrentamento dessa problem\u00e1tica\u201d, explicou a presidente da Anadef.<\/p>\n<p><strong>Servi\u00e7o<\/strong><\/p>\n<p><strong>Semin\u00e1rio \u201cDefensoria P\u00fablica e Movimentos Sociais\u201d<\/strong><\/p>\n<p><strong>Local:<\/strong><span style=\"font-size: 12pt\"> unidade da DPU no Recife, Av. Manoel Borba, 640, Boa Vista, Recife\/PE<\/span><\/p>\n<p><strong>Quando:<\/strong><span style=\"font-size: 12pt\"> sexta-feira, 10 de mar\u00e7o, de 13h \u00e0s 19h<\/span><\/p>\n<p><strong>Mais informa\u00e7\u00f5es e programa\u00e7\u00e3o completa:<\/strong> <a title=\"blocked::http:\/\/www.facebook.com\/events\/218760381932010\" href=\"http:\/\/www.facebook.com\/events\/218760381932010\"><span style=\"font-size: 12pt\" title=\"blocked::http:\/\/www.facebook.com\/events\/218760381932010\">www.facebook.com\/events\/218760381932010<\/span><\/a><\/p>\n","protected":false},"excerpt":{"rendered":"<p>Organizado pela DPU Recife na semana do Dia Internacional da Mulher, o debate, aberto ao p\u00fablico, priorizar\u00e1 a discuss\u00e3o sobre os direitos das mulheres Hoje, 10 de mar\u00e7o, a Defensoria P\u00fablica da Uni\u00e3o (DPU) no Recife, com o apoio da Associa\u00e7\u00e3o Nacional dos Defensores P\u00fablicos Federais (Anadef), faz o semin\u00e1rio &#8220;Defensoria P\u00fablica e Movimentos Sociais&#8221;. A proposta do evento, na [&hellip;]<\/p>\n","protected":false},"author":27,"featured_media":0,"comment_status":"open","ping_status":"closed","sticky":false,"template":"","format":"standard","meta":{"footnotes":""},"categories":[2719],"tags":[5251,619,3641,2789,1042,5334,267,707,4427],"class_list":["post-4559","post","type-post","status-publish","format-standard","hentry","category-servidor","tag-dia-internacional-da-mulher","tag-direitos","tag-discussao","tag-dpu","tag-movimentos","tag-recife","tag-seminario","tag-sociais","tag-violencia"],"_links":{"self":[{"href":"https:\/\/blogs.correiobraziliense.com.br\/servidor\/wp-json\/wp\/v2\/posts\/4559","targetHints":{"allow":["GET"]}}],"collection":[{"href":"https:\/\/blogs.correiobraziliense.com.br\/servidor\/wp-json\/wp\/v2\/posts"}],"about":[{"href":"https:\/\/blogs.correiobraziliense.com.br\/servidor\/wp-json\/wp\/v2\/types\/post"}],"author":[{"embeddable":true,"href":"https:\/\/blogs.correiobraziliense.com.br\/servidor\/wp-json\/wp\/v2\/users\/27"}],"replies":[{"embeddable":true,"href":"https:\/\/blogs.correiobraziliense.com.br\/servidor\/wp-json\/wp\/v2\/comments?post=4559"}],"version-history":[{"count":1,"href":"https:\/\/blogs.correiobraziliense.com.br\/servidor\/wp-json\/wp\/v2\/posts\/4559\/revisions"}],"predecessor-version":[{"id":4560,"href":"https:\/\/blogs.correiobraziliense.com.br\/servidor\/wp-json\/wp\/v2\/posts\/4559\/revisions\/4560"}],"wp:attachment":[{"href":"https:\/\/blogs.correiobraziliense.com.br\/servidor\/wp-json\/wp\/v2\/media?parent=4559"}],"wp:term":[{"taxonomy":"category","embeddable":true,"href":"https:\/\/blogs.correiobraziliense.com.br\/servidor\/wp-json\/wp\/v2\/categories?post=4559"},{"taxonomy":"post_tag","embeddable":true,"href":"https:\/\/blogs.correiobraziliense.com.br\/servidor\/wp-json\/wp\/v2\/tags?post=4559"}],"curies":[{"name":"wp","href":"https:\/\/api.w.org\/{rel}","templated":true}]}}