{"id":4553,"date":"2017-03-09T13:39:49","date_gmt":"2017-03-09T16:39:49","guid":{"rendered":"https:\/\/blogs.correiobraziliense.com.br\/servidor\/?p=4553"},"modified":"2017-03-09T13:39:49","modified_gmt":"2017-03-09T16:39:49","slug":"contribuicao-sindical-dos-trabalhadores-e-descontada-em-marco","status":"publish","type":"post","link":"https:\/\/blogs.correiobraziliense.com.br\/servidor\/contribuicao-sindical-dos-trabalhadores-e-descontada-em-marco\/","title":{"rendered":"Contribui\u00e7\u00e3o sindical dos trabalhadores \u00e9 descontada em mar\u00e7o"},"content":{"rendered":"<p><span style=\"font-family: Calibri;font-size: small\"><span style=\"font-size: large\"><i>Pagamento \u00e9 obrigat\u00f3rio e equivale a um dia de trabalho do empregado. Servidores federais, estaduais e municipais (concursados e comissionados) v\u00e3o ter o desconto pela primeira vez este ano<br \/>\n<\/i><\/span><\/span><\/p>\n<div align=\"left\"><span style=\"font-size: large\">Mar\u00e7o \u00e9 o m\u00eas da contribui\u00e7\u00e3o sindical dos trabalhadores, lembra o Minist\u00e9rio do Trabalho. Todos os empregados, sindicalizados ou n\u00e3o, s\u00e3o obrigados a contribuir com o equivalente a um dia de trabalho. O desconto \u00e9 feito pela empresa\u00a0 diretamente na folha de pagamento entregue em abril. A tributa\u00e7\u00e3o \u00e9 prevista nos artigos 578 e 591 da Consolida\u00e7\u00e3o das Leis do Trabalho (CLT).<\/span><\/div>\n<div align=\"left\"><span style=\"font-size: large\">\u00a0<\/span><\/div>\n<div align=\"left\"><span style=\"font-size: large\">O recurso recolhido dos trabalhadores \u00e9 usado para duas finalidades. A principal \u00e9 a transfer\u00eancia \u00e0s institui\u00e7\u00f5es sindicais, que usam o dinheiro para manter suas atividades. Uma pequena parte \u00e9 destinada ao Minist\u00e9rio do Trabalho, que pode usar o recurso para atividades de relacionamento com os sindicatos ou depositar a quantia no Fundo de Amparo ao Trabalhador (FAT), de onde saem os pagamentos de Seguro-Desemprego e Abono Salarial. <\/span><\/div>\n<div align=\"left\"><span style=\"font-family: Times New Roman;font-size: medium\">\u00a0<\/span><\/div>\n<div align=\"left\"><span style=\"font-size: large\">Os percentuais de distribui\u00e7\u00e3o da contribui\u00e7\u00e3o sindical s\u00e3o os seguintes: 60% para o sindicato da categoria profissional a que o trabalhador pertence; 15% para a federa\u00e7\u00e3o; 5% para confedera\u00e7\u00e3o, 10% para a central sindical e 10% para o Minist\u00e9rio do Trabalho. Quando a categoria n\u00e3o \u00e9 vinculada a nenhuma central, o percentual do Minist\u00e9rio passa para 20%.<\/span><\/div>\n<div align=\"left\"><span style=\"font-size: large\">\u00a0<\/span><\/div>\n<div align=\"left\"><span style=\"font-size: large\">A partir desse ano, <a href=\"http:\/\/pesquisa.in.gov.br\/imprensa\/jsp\/visualiza\/index.jsp?jornal=1&amp;pagina=260&amp;data=17\/02\/2017\" target=\"_blank\"><span style=\"color: blue\"><u>os servidores p\u00fablicos de prefeituras, estados e do governo federal tamb\u00e9m ser\u00e3o obrigados a contribuir<\/u><\/span><\/a><span style=\"color: #1f497d\">. <\/span>A nova regra vale tanto para funcion\u00e1rios concursados quanto comissionados. Os valores s\u00e3o os mesmos aplicados aos trabalhadores da iniciativa privada.<\/span><\/div>\n<p>&nbsp;<\/p>\n","protected":false},"excerpt":{"rendered":"<p>Pagamento \u00e9 obrigat\u00f3rio e equivale a um dia de trabalho do empregado. Servidores federais, estaduais e municipais (concursados e comissionados) v\u00e3o ter o desconto pela primeira vez este ano Mar\u00e7o \u00e9 o m\u00eas da contribui\u00e7\u00e3o sindical dos trabalhadores, lembra o Minist\u00e9rio do Trabalho. Todos os empregados, sindicalizados ou n\u00e3o, s\u00e3o obrigados a contribuir com o equivalente a um dia de [&hellip;]<\/p>\n","protected":false},"author":27,"featured_media":0,"comment_status":"open","ping_status":"closed","sticky":false,"template":"","format":"standard","meta":{"footnotes":""},"categories":[2719],"tags":[1259,131,5325,891,1689,3329,59,396,2841,1690,5326,58,4319,19],"class_list":["post-4553","post","type-post","status-publish","format-standard","hentry","category-servidor","tag-centrais","tag-contribuicao","tag-descontada","tag-empregados","tag-estaduais","tag-federacoes","tag-federais","tag-marco","tag-ministerio-do-trabalho","tag-municipais","tag-obrigatorio","tag-servidores","tag-sindical","tag-trabalhadores"],"_links":{"self":[{"href":"https:\/\/blogs.correiobraziliense.com.br\/servidor\/wp-json\/wp\/v2\/posts\/4553","targetHints":{"allow":["GET"]}}],"collection":[{"href":"https:\/\/blogs.correiobraziliense.com.br\/servidor\/wp-json\/wp\/v2\/posts"}],"about":[{"href":"https:\/\/blogs.correiobraziliense.com.br\/servidor\/wp-json\/wp\/v2\/types\/post"}],"author":[{"embeddable":true,"href":"https:\/\/blogs.correiobraziliense.com.br\/servidor\/wp-json\/wp\/v2\/users\/27"}],"replies":[{"embeddable":true,"href":"https:\/\/blogs.correiobraziliense.com.br\/servidor\/wp-json\/wp\/v2\/comments?post=4553"}],"version-history":[{"count":1,"href":"https:\/\/blogs.correiobraziliense.com.br\/servidor\/wp-json\/wp\/v2\/posts\/4553\/revisions"}],"predecessor-version":[{"id":4554,"href":"https:\/\/blogs.correiobraziliense.com.br\/servidor\/wp-json\/wp\/v2\/posts\/4553\/revisions\/4554"}],"wp:attachment":[{"href":"https:\/\/blogs.correiobraziliense.com.br\/servidor\/wp-json\/wp\/v2\/media?parent=4553"}],"wp:term":[{"taxonomy":"category","embeddable":true,"href":"https:\/\/blogs.correiobraziliense.com.br\/servidor\/wp-json\/wp\/v2\/categories?post=4553"},{"taxonomy":"post_tag","embeddable":true,"href":"https:\/\/blogs.correiobraziliense.com.br\/servidor\/wp-json\/wp\/v2\/tags?post=4553"}],"curies":[{"name":"wp","href":"https:\/\/api.w.org\/{rel}","templated":true}]}}