{"id":4551,"date":"2017-03-09T13:10:58","date_gmt":"2017-03-09T16:10:58","guid":{"rendered":"https:\/\/blogs.correiobraziliense.com.br\/servidor\/?p=4551"},"modified":"2017-03-09T13:10:58","modified_gmt":"2017-03-09T16:10:58","slug":"mp-765-16-falta-de-acordo-impede-instalacao-da-comissao-mista","status":"publish","type":"post","link":"https:\/\/blogs.correiobraziliense.com.br\/servidor\/mp-765-16-falta-de-acordo-impede-instalacao-da-comissao-mista\/","title":{"rendered":"MP 765-16 \u2013 Falta de acordo impede instala\u00e7\u00e3o da Comiss\u00e3o Mista"},"content":{"rendered":"<div class=\"entry-content\">\n<p>A instala\u00e7\u00e3o da Comiss\u00e3o Mista que vai emitir parecer sobre a Medida Provis\u00f3ria &#8211; MP 765\/2016, que reestrutura a carreira de auditoria-fiscal do Trabalho, foi adiada por falta de acordo entre os parlamentares.<\/p>\n<p>A sess\u00e3o, na tarde de quarta-feira, 8 de mar\u00e7o, come\u00e7ou \u00e0s 15 horas e instalou outras comiss\u00f5es, exceto as comiss\u00f5es das MPs 765\/16 e 766\/17, por falta de acordo entre os parlamentares para a escolha dos presidentes.<\/p>\n<p>A sess\u00e3o para instalar essas comiss\u00f5es e indicar o presidente, vice-presidente e relator ainda n\u00e3o tem data definida, mas dever\u00e1 ocorrer na pr\u00f3xima semana.<\/p>\n<p>Dirigentes do Sinait e auditores-fiscais do Trabalho participaram da reuni\u00e3o na Ala Nilo Coelho do Senado Federal com a inten\u00e7\u00e3o de pressionar para que haja uma defini\u00e7\u00e3o e agilidade na aprova\u00e7\u00e3o da MP.<\/p>\n<\/div>\n","protected":false},"excerpt":{"rendered":"<p>A instala\u00e7\u00e3o da Comiss\u00e3o Mista que vai emitir parecer sobre a Medida Provis\u00f3ria &#8211; MP 765\/2016, que reestrutura a carreira de auditoria-fiscal do Trabalho, foi adiada por falta de acordo entre os parlamentares. A sess\u00e3o, na tarde de quarta-feira, 8 de mar\u00e7o, come\u00e7ou \u00e0s 15 horas e instalou outras comiss\u00f5es, exceto as comiss\u00f5es das MPs 765\/16 e 766\/17, por falta [&hellip;]<\/p>\n","protected":false},"author":27,"featured_media":0,"comment_status":"open","ping_status":"closed","sticky":false,"template":"","format":"standard","meta":{"footnotes":""},"categories":[2719],"tags":[112,3222,55,5324,5323,5322,268,2385,3259],"class_list":["post-4551","post","type-post","status-publish","format-standard","hentry","category-servidor","tag-acordo","tag-auditoria","tag-carreiras","tag-comissao-mista","tag-instalacao","tag-mp-76516","tag-parlamentares","tag-pressionar","tag-reestrutura"],"_links":{"self":[{"href":"https:\/\/blogs.correiobraziliense.com.br\/servidor\/wp-json\/wp\/v2\/posts\/4551","targetHints":{"allow":["GET"]}}],"collection":[{"href":"https:\/\/blogs.correiobraziliense.com.br\/servidor\/wp-json\/wp\/v2\/posts"}],"about":[{"href":"https:\/\/blogs.correiobraziliense.com.br\/servidor\/wp-json\/wp\/v2\/types\/post"}],"author":[{"embeddable":true,"href":"https:\/\/blogs.correiobraziliense.com.br\/servidor\/wp-json\/wp\/v2\/users\/27"}],"replies":[{"embeddable":true,"href":"https:\/\/blogs.correiobraziliense.com.br\/servidor\/wp-json\/wp\/v2\/comments?post=4551"}],"version-history":[{"count":1,"href":"https:\/\/blogs.correiobraziliense.com.br\/servidor\/wp-json\/wp\/v2\/posts\/4551\/revisions"}],"predecessor-version":[{"id":4552,"href":"https:\/\/blogs.correiobraziliense.com.br\/servidor\/wp-json\/wp\/v2\/posts\/4551\/revisions\/4552"}],"wp:attachment":[{"href":"https:\/\/blogs.correiobraziliense.com.br\/servidor\/wp-json\/wp\/v2\/media?parent=4551"}],"wp:term":[{"taxonomy":"category","embeddable":true,"href":"https:\/\/blogs.correiobraziliense.com.br\/servidor\/wp-json\/wp\/v2\/categories?post=4551"},{"taxonomy":"post_tag","embeddable":true,"href":"https:\/\/blogs.correiobraziliense.com.br\/servidor\/wp-json\/wp\/v2\/tags?post=4551"}],"curies":[{"name":"wp","href":"https:\/\/api.w.org\/{rel}","templated":true}]}}