{"id":455,"date":"2015-09-18T17:38:00","date_gmt":"2015-09-18T20:38:00","guid":{"rendered":"https:\/\/blogs.correiobraziliense.com.br\/servidor\/lancamento_da_frente_parlamentar_dos_aeronautas\/"},"modified":"2016-05-13T19:31:41","modified_gmt":"2016-05-13T22:31:41","slug":"lancamento_da_frente_parlamentar_dos_aeronautas","status":"publish","type":"post","link":"https:\/\/blogs.correiobraziliense.com.br\/servidor\/lancamento_da_frente_parlamentar_dos_aeronautas\/","title":{"rendered":"LAN\u00c7AMENTO DA FRENTE PARLAMENTAR DOS AERONAUTAS"},"content":{"rendered":"<p>O Sindicato Nacional dos Aeronautas (SNA) convida toda a sociedade a participar da Frente Parlamentar Mista dos Aeronautas (FPAer), no pr\u00f3ximo dia 23 de setembro, \u00e0s 17h30, no Sal\u00e3o Nobre da C\u00e2mara dos Deputados, em Bras\u00edlia. <\/p>\n<p>A frente parlamentar \u00e9 composta por um grupo de parlamentares que atua de forma unificada em fun\u00e7\u00e3o de interesses comuns &#8211; independentemente de partido pol\u00edtico a que pertencem. <\/p>\n<p><i>Bras\u00edlia, 17h37min<\/i>   <\/p>\n","protected":false},"excerpt":{"rendered":"<p>O Sindicato Nacional dos Aeronautas (SNA) convida toda a sociedade a participar da Frente Parlamentar Mista dos Aeronautas (FPAer), no pr\u00f3ximo dia 23 de setembro, \u00e0s 17h30, no Sal\u00e3o Nobre da C\u00e2mara dos Deputados, em Bras\u00edlia. A frente parlamentar \u00e9 composta por um grupo de parlamentares que atua de forma unificada em fun\u00e7\u00e3o de interesses comuns &#8211; independentemente de partido [&hellip;]<\/p>\n","protected":false},"author":27,"featured_media":0,"comment_status":"open","ping_status":"closed","sticky":false,"template":"","format":"standard","meta":{"footnotes":""},"categories":[1],"tags":[],"class_list":["post-455","post","type-post","status-publish","format-standard","hentry","category-sem-categoria"],"_links":{"self":[{"href":"https:\/\/blogs.correiobraziliense.com.br\/servidor\/wp-json\/wp\/v2\/posts\/455","targetHints":{"allow":["GET"]}}],"collection":[{"href":"https:\/\/blogs.correiobraziliense.com.br\/servidor\/wp-json\/wp\/v2\/posts"}],"about":[{"href":"https:\/\/blogs.correiobraziliense.com.br\/servidor\/wp-json\/wp\/v2\/types\/post"}],"author":[{"embeddable":true,"href":"https:\/\/blogs.correiobraziliense.com.br\/servidor\/wp-json\/wp\/v2\/users\/27"}],"replies":[{"embeddable":true,"href":"https:\/\/blogs.correiobraziliense.com.br\/servidor\/wp-json\/wp\/v2\/comments?post=455"}],"version-history":[{"count":1,"href":"https:\/\/blogs.correiobraziliense.com.br\/servidor\/wp-json\/wp\/v2\/posts\/455\/revisions"}],"predecessor-version":[{"id":1657,"href":"https:\/\/blogs.correiobraziliense.com.br\/servidor\/wp-json\/wp\/v2\/posts\/455\/revisions\/1657"}],"wp:attachment":[{"href":"https:\/\/blogs.correiobraziliense.com.br\/servidor\/wp-json\/wp\/v2\/media?parent=455"}],"wp:term":[{"taxonomy":"category","embeddable":true,"href":"https:\/\/blogs.correiobraziliense.com.br\/servidor\/wp-json\/wp\/v2\/categories?post=455"},{"taxonomy":"post_tag","embeddable":true,"href":"https:\/\/blogs.correiobraziliense.com.br\/servidor\/wp-json\/wp\/v2\/tags?post=455"}],"curies":[{"name":"wp","href":"https:\/\/api.w.org\/{rel}","templated":true}]}}