{"id":4549,"date":"2017-03-09T13:04:13","date_gmt":"2017-03-09T16:04:13","guid":{"rendered":"https:\/\/blogs.correiobraziliense.com.br\/servidor\/?p=4549"},"modified":"2017-03-09T13:04:13","modified_gmt":"2017-03-09T16:04:13","slug":"anamatra-e-colegio-de-presidentes-e-corregedores-dos-trts-repudiam-declaracoes-do-presidente-da-camara-dos-deputados","status":"publish","type":"post","link":"https:\/\/blogs.correiobraziliense.com.br\/servidor\/anamatra-e-colegio-de-presidentes-e-corregedores-dos-trts-repudiam-declaracoes-do-presidente-da-camara-dos-deputados\/","title":{"rendered":"Anamatra e Coleprecor repudiam declara\u00e7\u00f5es do presidente da C\u00e2mara dos Deputados"},"content":{"rendered":"<p><em>Em entrevista, deputado Rodrigo Maia afirmou que a Justi\u00e7a do Trabalho n\u00e3o deveria existir e que os ju\u00edzes do Trabalho eram irrespons\u00e1veis. A Associa\u00e7\u00e3o Nacional dos Magistrados da Justi\u00e7a do Trabalho (Anamatra) emitiu uma nota em rep\u00fadio \u00e0s declara\u00e7\u00f5es<br \/>\n<\/em><\/p>\n<p>Veja a nota:<\/p>\n<p>A Associa\u00e7\u00e3o Nacional dos Magistrados da Justi\u00e7a do Trabalho (Anamatra), entidade que representa mais de 4.000 ju\u00edzes do Trabalho em todo o Brasil, e o Col\u00e9gio de Presidentes e Corregedores de Tribunais Regionais do Trabalho (Coleprecor) repudiam as declara\u00e7\u00f5es do presidente da C\u00e2mara, deputado Rodrigo Maia (DEM-RJ), que afirmou, em entrevista nesta quarta-feira (8\/3), que a Justi\u00e7a do Trabalho n\u00e3o deveria existir e que os ju\u00edzes do Trabalho eram irrespons\u00e1veis, o que fazem nos seguintes termos:<\/p>\n<p>1 &#8211; As afirma\u00e7\u00f5es do presidente ofendem os ju\u00edzes do Trabalho que atuam em\u00a0todo o Brasil e que, ao contr\u00e1rio do que afirma \u00a0o parlamentar, t\u00eam a importante miss\u00e3o de equilibrar as rela\u00e7\u00f5es entre o capital e o trabalho, fomentando a seguran\u00e7a jur\u00eddica ao garantir a correta aplica\u00e7\u00e3o do Direito, de forma digna e decente. H\u00e1 mais de 70 anos, a hist\u00f3ria da Justi\u00e7a do Trabalho est\u00e1 ligada ao fortalecimento da sociedade brasileira, atrav\u00e9s da consolida\u00e7\u00e3o da democracia, da solidariedade e da valoriza\u00e7\u00e3o do trabalho, miss\u00e3o essa que tem exercido de forma c\u00e9lere, transparente e segura, fazendo cumprir as leis e a Constitui\u00e7\u00e3o Federal.<\/p>\n<p>2 &#8211; Cr\u00edticas sobre o aprimoramento de todas as institui\u00e7\u00f5es republicanas s\u00e3o aceit\u00e1veis, mas n\u00e3o aquelas &#8211; a\u00ed sim \u00a0irrespons\u00e1veis &#8211; com o \u00fanico objetivo de denegrir um segmento espec\u00edfico do Poder Judici\u00e1rio que, especialmente neste momento de crise, tem prestado relevantes servi\u00e7os ao pa\u00eds e aos que dela mais necessitam. Somente em 2015, 11,75% (4.980.359 processos) do total de novos processos ingressados no Poder Judici\u00e1rio representaram\u00a0as a\u00e7\u00f5es relativas ao pagamento de verbas rescis\u00f3rias, dado que revela o quanto a Justi\u00e7a do Trabalho \u00e9 imprescind\u00edvel em um pa\u00eds desigual e injusto.<\/p>\n<p>3 \u2013 Tamb\u00e9m causa repulsa \u00e0 Anamatra, ao Coleprecor e aos seus representados as afirma\u00e7\u00f5es do deputado de que a reforma trabalhista encaminhada pelo Governo Federal ao Parlamento seria\u00a0\u201ct\u00edmida\u201d e que a reforma da Previd\u00eancia n\u00e3o possuiria pontos pol\u00eamicos, declara\u00e7\u00f5es essas que revelam um profundo desconhecimento dos princ\u00edpios constitucionais que regem os direitos trabalhistas e sociais, al\u00e9m dos verdadeiros reflexos das propostas para o pa\u00eds.<\/p>\n<p>4 &#8211; A Anamatra e o Coleprecor defendem a import\u00e2ncia do respeito e equil\u00edbrio entre os Poderes, devendo sempre prevalecer os mais altos interesses da Na\u00e7\u00e3o e da ordem democr\u00e1tica e tomar\u00e3o as medidas jur\u00eddicas cab\u00edveis e necess\u00e1rias para impedir toda e qualquer ruptura da ordem legal e constitucional. Sem um Judici\u00e1rio altivo e independente, n\u00e3o h\u00e1 democracia.<br \/>\nGermano Silveira de Siqueira<br \/>\nPresidente da Anamatra<\/p>\n<p>James Magno Ara\u00fajo<br \/>\nPresidente do Coleprecor<\/p>\n","protected":false},"excerpt":{"rendered":"<p>Em entrevista, deputado Rodrigo Maia afirmou que a Justi\u00e7a do Trabalho n\u00e3o deveria existir e que os ju\u00edzes do Trabalho eram irrespons\u00e1veis. A Associa\u00e7\u00e3o Nacional dos Magistrados da Justi\u00e7a do Trabalho (Anamatra) emitiu uma nota em rep\u00fadio \u00e0s declara\u00e7\u00f5es Veja a nota: A Associa\u00e7\u00e3o Nacional dos Magistrados da Justi\u00e7a do Trabalho (Anamatra), entidade que representa mais de 4.000 ju\u00edzes do [&hellip;]<\/p>\n","protected":false},"author":27,"featured_media":0,"comment_status":"open","ping_status":"closed","sticky":false,"template":"","format":"standard","meta":{"footnotes":""},"categories":[2719],"tags":[1408,1531,4867,1218,790,5321,344,81,74,3846,351,261],"class_list":["post-4549","post","type-post","status-publish","format-standard","hentry","category-servidor","tag-anamatra","tag-camara-dos-deputados","tag-coleprecor","tag-declaracoes","tag-fortalecimento","tag-irresponsaveis","tag-juizes","tag-presidente","tag-repudiam","tag-rodrigo-maia","tag-sociedade","tag-trabalho"],"_links":{"self":[{"href":"https:\/\/blogs.correiobraziliense.com.br\/servidor\/wp-json\/wp\/v2\/posts\/4549","targetHints":{"allow":["GET"]}}],"collection":[{"href":"https:\/\/blogs.correiobraziliense.com.br\/servidor\/wp-json\/wp\/v2\/posts"}],"about":[{"href":"https:\/\/blogs.correiobraziliense.com.br\/servidor\/wp-json\/wp\/v2\/types\/post"}],"author":[{"embeddable":true,"href":"https:\/\/blogs.correiobraziliense.com.br\/servidor\/wp-json\/wp\/v2\/users\/27"}],"replies":[{"embeddable":true,"href":"https:\/\/blogs.correiobraziliense.com.br\/servidor\/wp-json\/wp\/v2\/comments?post=4549"}],"version-history":[{"count":1,"href":"https:\/\/blogs.correiobraziliense.com.br\/servidor\/wp-json\/wp\/v2\/posts\/4549\/revisions"}],"predecessor-version":[{"id":4550,"href":"https:\/\/blogs.correiobraziliense.com.br\/servidor\/wp-json\/wp\/v2\/posts\/4549\/revisions\/4550"}],"wp:attachment":[{"href":"https:\/\/blogs.correiobraziliense.com.br\/servidor\/wp-json\/wp\/v2\/media?parent=4549"}],"wp:term":[{"taxonomy":"category","embeddable":true,"href":"https:\/\/blogs.correiobraziliense.com.br\/servidor\/wp-json\/wp\/v2\/categories?post=4549"},{"taxonomy":"post_tag","embeddable":true,"href":"https:\/\/blogs.correiobraziliense.com.br\/servidor\/wp-json\/wp\/v2\/tags?post=4549"}],"curies":[{"name":"wp","href":"https:\/\/api.w.org\/{rel}","templated":true}]}}