{"id":4547,"date":"2017-03-09T11:46:45","date_gmt":"2017-03-09T14:46:45","guid":{"rendered":"https:\/\/blogs.correiobraziliense.com.br\/servidor\/?p=4547"},"modified":"2017-03-09T11:46:45","modified_gmt":"2017-03-09T14:46:45","slug":"publica-lanca-revista-digital-especial-sobre-reforma-da-previdencia","status":"publish","type":"post","link":"https:\/\/blogs.correiobraziliense.com.br\/servidor\/publica-lanca-revista-digital-especial-sobre-reforma-da-previdencia\/","title":{"rendered":"P\u00fablica lan\u00e7a Revista Digital especial sobre a Reforma da Previd\u00eancia"},"content":{"rendered":"<p>A Revista apresenta os \u00faltimos acontecimentos das entidades na Campanha contra a Reforma, re\u00fane principais v\u00eddeos expositivos sobre o assunto e dedica espa\u00e7o ao debate e ao pronunciamento de lideran\u00e7as sobre o tema.<\/p>\n<p>Leia a edi\u00e7\u00e3o digital da Revista da P\u00fablica sobre a Reforma da Previd\u00eancia<\/p>\n<p>https:\/\/www.yumpu.com\/s\/tGgFPAM7cUi1h6fm<\/p>\n","protected":false},"excerpt":{"rendered":"<p>A Revista apresenta os \u00faltimos acontecimentos das entidades na Campanha contra a Reforma, re\u00fane principais v\u00eddeos expositivos sobre o assunto e dedica espa\u00e7o ao debate e ao pronunciamento de lideran\u00e7as sobre o tema. Leia a edi\u00e7\u00e3o digital da Revista da P\u00fablica sobre a Reforma da Previd\u00eancia https:\/\/www.yumpu.com\/s\/tGgFPAM7cUi1h6fm<\/p>\n","protected":false},"author":27,"featured_media":0,"comment_status":"open","ping_status":"closed","sticky":false,"template":"","format":"standard","meta":{"footnotes":""},"categories":[2719],"tags":[305,549,147,711,5320],"class_list":["post-4547","post","type-post","status-publish","format-standard","hentry","category-servidor","tag-campanha","tag-previdencia","tag-publica","tag-reforma","tag-revista-digital"],"_links":{"self":[{"href":"https:\/\/blogs.correiobraziliense.com.br\/servidor\/wp-json\/wp\/v2\/posts\/4547","targetHints":{"allow":["GET"]}}],"collection":[{"href":"https:\/\/blogs.correiobraziliense.com.br\/servidor\/wp-json\/wp\/v2\/posts"}],"about":[{"href":"https:\/\/blogs.correiobraziliense.com.br\/servidor\/wp-json\/wp\/v2\/types\/post"}],"author":[{"embeddable":true,"href":"https:\/\/blogs.correiobraziliense.com.br\/servidor\/wp-json\/wp\/v2\/users\/27"}],"replies":[{"embeddable":true,"href":"https:\/\/blogs.correiobraziliense.com.br\/servidor\/wp-json\/wp\/v2\/comments?post=4547"}],"version-history":[{"count":1,"href":"https:\/\/blogs.correiobraziliense.com.br\/servidor\/wp-json\/wp\/v2\/posts\/4547\/revisions"}],"predecessor-version":[{"id":4548,"href":"https:\/\/blogs.correiobraziliense.com.br\/servidor\/wp-json\/wp\/v2\/posts\/4547\/revisions\/4548"}],"wp:attachment":[{"href":"https:\/\/blogs.correiobraziliense.com.br\/servidor\/wp-json\/wp\/v2\/media?parent=4547"}],"wp:term":[{"taxonomy":"category","embeddable":true,"href":"https:\/\/blogs.correiobraziliense.com.br\/servidor\/wp-json\/wp\/v2\/categories?post=4547"},{"taxonomy":"post_tag","embeddable":true,"href":"https:\/\/blogs.correiobraziliense.com.br\/servidor\/wp-json\/wp\/v2\/tags?post=4547"}],"curies":[{"name":"wp","href":"https:\/\/api.w.org\/{rel}","templated":true}]}}